{"id":33527,"date":"2021-10-25T07:01:49","date_gmt":"2021-10-25T12:01:49","guid":{"rendered":"http:\/\/www.zonaroja.com.mx\/?p=33527"},"modified":"2021-10-25T07:01:53","modified_gmt":"2021-10-25T12:01:53","slug":"cronica-ya-paga-salomon-y-una-desorganizada-conferencia-de-prensa","status":"publish","type":"post","link":"https:\/\/zonaroja.com.mx\/?p=33527","title":{"rendered":"Cr\u00f3nica. \u201c\u00a1Ya paga Salom\u00f3n!\u201d y una desorganizada conferencia de prensa"},"content":{"rendered":"\n<p>Ismael Garc\u00eda M.\/Zona Roja.<\/p>\n\n\n\n<p>Oaxaca de Ju\u00e1rez, Oax., 24 de octubre de 2021.- \u201c\u00a1Ya paga Salom\u00f3n!\u201d. La broma del Ricardo Monreal intent\u00f3 amainar las quejas de la prensa por la larga espera. Bromas tambi\u00e9n, las del millonario senador Armando Guadiana, para echar flores a Salom\u00f3n Jara.<\/p>\n\n\n\n<p>12:30, fue la hora de la cita para una conferencia con el senador Monreal, que busca a toda costa ser candidato presidencial, aunque no sea por Morena. El lugar, un hotel en avenida Universidad, en la capital.<\/p>\n\n\n\n<p>Pero los minutos pasaban. Para aminorar la espera, allegados a Salom\u00f3n Jara invitaron pasar al restaurante.<\/p>\n\n\n\n<p>Y media hora despu\u00e9s, el tropel. Una veintena de periodistas corriendo a uno de los salones.<\/p>\n\n\n\n<p>&#8211;\u00a1No es aqu\u00ed, est\u00e1 cerrado! &#8211;Ah\u00ed surgi\u00f3 el grito de Ricardo Monreal, para bromear que no hab\u00edan pagado el alquiler del \u00e1rea de la conferencia. \u201c\u00a1Ya paga Salom\u00f3n!\u201d.<\/p>\n\n\n\n<p>Y de nuevo a correr a otro sal\u00f3n\u2026 tambi\u00e9n cerrado. Y otra vez a otro sitio, anexo al restaurante, donde Monreal hab\u00eda dado entrevistas exclusivas.<\/p>\n\n\n\n<p>&#8212;\u00a1Est\u00e1 muy peque\u00f1o! \u00a1Puede haber Covid!<\/p>\n\n\n\n<p>Y todos, otra vez, hacia el patio cerca de la alberca, donde finalmente, de manera improvisada, de pie y amontonados, inici\u00f3 el encuentro con los medios de comunicaci\u00f3n.<\/p>\n\n\n\n<p>La conferencia, para hablar de lo que quisieran los periodistas. Tambi\u00e9n para intentar posicionar por en\u00e9sima ocasi\u00f3n a Salom\u00f3n Jara como su candidato.<\/p>\n\n\n\n<p>Para \u201cdestapar\u201d tambi\u00e9n de otros, aunque se haya equivocado con el nombre de Luis Antonio Ram\u00edrez Pineda, al llamarlo Jos\u00e9; aunque haya incluido a Adelfo Regino, Benjam\u00edn Robles Montoya y Alberto Esteva, y aunque haya olvidado a Irma Juan Carlos, H\u00e9ctor S\u00e1nchez y Armando Contreras Castillo.<\/p>\n\n\n\n<figure class=\"wp-block-embed-twitter wp-block-embed is-type-rich is-provider-twitter\"><div class=\"wp-block-embed__wrapper\">\n<div class=\"twitter-tweet\"><blockquote class=\"twitter-tweet\" data-lang=\"es\"><p lang=\"es\" dir=\"ltr\"><a href=\"https:\/\/twitter.com\/hashtag\/%C3%9AltimoMinuto?src=hash&amp;ref_src=twsrc%5Etfw\">#\u00daltimoMinuto<\/a><br>\u201c\u00a1Ya paga Salom\u00f3n (<a href=\"https:\/\/twitter.com\/salomonj?ref_src=twsrc%5Etfw\">@salomonj<\/a>!, el grito del senador <a href=\"https:\/\/twitter.com\/RicardoMonrealA?ref_src=twsrc%5Etfw\">@RicardoMonrealA<\/a> ante el desorden en la desorganizada conferencia de prensa en un hotel al sur de la ciudad de Oaxaca; periodistas corriendo de un lado al otro y al final fue cerca de la alberca, improvisado sitio. <a href=\"https:\/\/t.co\/PrdyzoOezK\">pic.twitter.com\/PrdyzoOezK<\/a><\/p>&mdash; Zona Roja Oaxaca (@Zona_Roja_Oax) <a href=\"https:\/\/twitter.com\/Zona_Roja_Oax\/status\/1452353677189074950?ref_src=twsrc%5Etfw\">24 de octubre de 2021<\/a><\/blockquote><\/div>\n<\/div><\/figure>\n\n\n\n<p>REMATA GUADIANA<\/p>\n\n\n\n<p>Pero la guasa no par\u00f3 ah\u00ed. El millonario empresario coahuilense Armando Guadiana iba de un lado a otro, con infaltable sombrero. \u201cMonreal, ap\u00farate que me tengo que ir a Durango\u201d, apresuraba.<\/p>\n\n\n\n<p>Una vez en la improvisada conferencia, Monreal expuso que la intenci\u00f3n de venir a Oaxaca es para acompa\u00f1ar a Salom\u00f3n Jara.<\/p>\n\n\n\n<p>&#8211;Informe y destape \u2013inici\u00f3 Guadiana.<\/p>\n\n\n\n<p>&#8211;\u2026Tengo mucho respeto por todos los aspirantes, agreg\u00f3 Monreal.<\/p>\n\n\n\n<p>&#8211;Yo estoy con Salom\u00f3n &#8211;insisti\u00f3 Guadiana, el empresario minero se\u00f1alado de tr\u00e1fico de influencia en la Cuarta Transformaci\u00f3n, como proveedor de la CFE.<\/p>\n\n\n\n<p>Varias las interrupciones proselitistas. \u201cSi no hay dedazo, va a ganar aqu\u00ed el descendiente de zapotecas, Salom\u00f3n Jara\u201d, remarc\u00f3 el senador coahuilense, mientras Monreal meneaba la cabeza, divertido.<\/p>\n\n\n\n<p>&#8211;\u00bfSe quedar\u00eda en Morena si las encuestas no le favorecen? \u2013cuestionaron ahora a Salom\u00f3n Jara.<\/p>\n\n\n\n<p>&#8211;Yo voy a estar en la 4T, respondi\u00f3 el aspirante a la gubernatura, sin garantizar si ser\u00e1 con Morena.<\/p>\n\n\n\n<p>\u201cVa ganar aqu\u00ed mi senador Salom\u00f3n, hombre, no tengan duda\u201d, remat\u00f3 Guadiana. Y al final, el acaudalado empresario no se qued\u00f3 al megamitin en terreno de Nancy Ben\u00edtez, en Santa Cruz Xoxocotl\u00e1n, donde sin miedo al Covid, concentr\u00f3 a 50 mil personas, seg\u00fan el bolet\u00edn de prensa.<\/p>\n\n\n\n<figure class=\"wp-block-embed-twitter wp-block-embed is-type-rich is-provider-twitter\"><div class=\"wp-block-embed__wrapper\">\n<div class=\"twitter-tweet\"><blockquote class=\"twitter-tweet\" data-lang=\"es\"><p lang=\"es\" dir=\"ltr\"><a href=\"https:\/\/twitter.com\/hashtag\/%C3%9AltimoMinuto?src=hash&amp;ref_src=twsrc%5Etfw\">#\u00daltimoMinuto<\/a><br>Exponiendo al Covid a 50 mil personas \u2013seg\u00fan su bolet\u00edn-, <a href=\"https:\/\/twitter.com\/salomonj?ref_src=twsrc%5Etfw\">@salomonj<\/a> se autodestap\u00f3 y dijo que en los pr\u00f3ximos ocho meses recorrer\u00e1 <a href=\"https:\/\/twitter.com\/hashtag\/Oaxaca?src=hash&amp;ref_src=twsrc%5Etfw\">#Oaxaca<\/a>, \u201ctrabajando intensamente para construir un futuro mejor\u2026 hoy estoy dispuesto a hacerme cargo de la conducci\u00f3n de ese futuro\u201d. <a href=\"https:\/\/t.co\/WVae56fiNV\">pic.twitter.com\/WVae56fiNV<\/a><\/p>&mdash; Zona Roja Oaxaca (@Zona_Roja_Oax) <a href=\"https:\/\/twitter.com\/Zona_Roja_Oax\/status\/1452467947411288065?ref_src=twsrc%5Etfw\">25 de octubre de 2021<\/a><\/blockquote><\/div>\n<\/div><\/figure>\n","protected":false},"excerpt":{"rendered":"<p>Ismael Garc\u00eda M.\/Zona Roja. Oaxaca de Ju\u00e1rez, Oax., 24 de octubre de 2021.- \u201c\u00a1Ya paga&hellip;<\/p>\n","protected":false},"author":2,"featured_media":33531,"comment_status":"closed","ping_status":"open","sticky":false,"template":"","format":"standard","meta":{"_lmt_disableupdate":"","_lmt_disable":"","_jetpack_memberships_contains_paid_content":false,"footnotes":""},"categories":[109,47],"tags":[939],"class_list":["post-33527","post","type-post","status-publish","format-standard","has-post-thumbnail","hentry","category-minuto-a-minuto","category-zona-gris","tag-salomon-jara-cruz"],"jetpack_featured_media_url":"https:\/\/zonaroja.com.mx\/wp-content\/uploads\/2021\/10\/Salomon-Jara-Monreal-Guadiana.jpg","jetpack_sharing_enabled":true,"_links":{"self":[{"href":"https:\/\/zonaroja.com.mx\/index.php?rest_route=\/wp\/v2\/posts\/33527","targetHints":{"allow":["GET"]}}],"collection":[{"href":"https:\/\/zonaroja.com.mx\/index.php?rest_route=\/wp\/v2\/posts"}],"about":[{"href":"https:\/\/zonaroja.com.mx\/index.php?rest_route=\/wp\/v2\/types\/post"}],"author":[{"embeddable":true,"href":"https:\/\/zonaroja.com.mx\/index.php?rest_route=\/wp\/v2\/users\/2"}],"replies":[{"embeddable":true,"href":"https:\/\/zonaroja.com.mx\/index.php?rest_route=%2Fwp%2Fv2%2Fcomments&post=33527"}],"version-history":[{"count":2,"href":"https:\/\/zonaroja.com.mx\/index.php?rest_route=\/wp\/v2\/posts\/33527\/revisions"}],"predecessor-version":[{"id":33532,"href":"https:\/\/zonaroja.com.mx\/index.php?rest_route=\/wp\/v2\/posts\/33527\/revisions\/33532"}],"wp:featuredmedia":[{"embeddable":true,"href":"https:\/\/zonaroja.com.mx\/index.php?rest_route=\/wp\/v2\/media\/33531"}],"wp:attachment":[{"href":"https:\/\/zonaroja.com.mx\/index.php?rest_route=%2Fwp%2Fv2%2Fmedia&parent=33527"}],"wp:term":[{"taxonomy":"category","embeddable":true,"href":"https:\/\/zonaroja.com.mx\/index.php?rest_route=%2Fwp%2Fv2%2Fcategories&post=33527"},{"taxonomy":"post_tag","embeddable":true,"href":"https:\/\/zonaroja.com.mx\/index.php?rest_route=%2Fwp%2Fv2%2Ftags&post=33527"}],"curies":[{"name":"wp","href":"https:\/\/api.w.org\/{rel}","templated":true}]}}