{"id":33535,"date":"2021-10-25T08:01:26","date_gmt":"2021-10-25T13:01:26","guid":{"rendered":"http:\/\/www.zonaroja.com.mx\/?p=33535"},"modified":"2021-10-25T09:47:36","modified_gmt":"2021-10-25T14:47:36","slug":"opinion-el-congreso-de-la-4t-y-la-sumision-al-ejecutivo-hasta-el-ultimo-dia","status":"publish","type":"post","link":"https:\/\/zonaroja.com.mx\/?p=33535","title":{"rendered":"Opini\u00f3n. El Congreso de la 4T y la sumisi\u00f3n al Ejecutivo hasta el \u00faltimo d\u00eda"},"content":{"rendered":"\n<p>Ismael Garc\u00eda M.\/Zona Roja.<\/p>\n\n\n\n<p>Oaxaca de Ju\u00e1rez, Oax., 25 de octubre de 2021.- No pudo cerrar m\u00e1s servicial el Legislativo de la Cuarta Transformaci\u00f3n con el Poder Ejecutivo: aprob\u00f3 tal cual las magistraturas que pidi\u00f3 el gobernador, pese a reclamos de la sociedad civil, a la que supuestamente defend\u00eda.<\/p>\n\n\n\n<p>El pasado viernes por la noche, en una segunda sesi\u00f3n extraordinaria a modo, aval\u00f3 sin discusiones, sin cambios, sin reproches por parte de diputados, la designaci\u00f3n de cinco magistrados, adem\u00e1s de la ratificaci\u00f3n de otros dos.<\/p>\n\n\n\n<p>Y cerr\u00f3 los ojos y o\u00eddos a los reclamos de v\u00edctimas de las injusticias y de una lenta y complicada administraci\u00f3n de justicia. Soledad Jarqu\u00edn \u00c9dgar lo resumi\u00f3 as\u00ed: \u201cCualquier imb\u00e9cil puede ser magistrado en Oaxaca\u201d.<\/p>\n\n\n\n<p>D\u00edas antes de la sesi\u00f3n, organismos de la sociedad civil, entre ellas Consorcio, lanzaron una campa\u00f1a para denunciar que hab\u00eda varios aspirantes al cargo de magistrados que no reun\u00edan el perfil.<\/p>\n\n\n\n<p>Incluso el pasado viernes, acudieron varios activistas para intentar ser escuchadas por los legisladores. Pero de nada sirvi\u00f3.<\/p>\n\n\n\n<p>\u201cPor eso a m\u00ed me parece vergonzoso, de verdad, la forma en que se vende hoy la justicia en Oaxaca, nos la pusieron de a peso, cualquier imb\u00e9cil puede ser magistrado en Oaxaca\u201d, remarc\u00f3 Soledad Jarqu\u00edn.<\/p>\n\n\n\n<p>De manera espec\u00edfica, se hab\u00edan pronunciado en contra de la designaci\u00f3n de Alejandro Magno Gonz\u00e1lez Antonio, Juan Carlos D\u00edaz Carranza, Berenice Ram\u00edrez Jim\u00e9nez y Joanna Vasconcelos S\u00e1nchez.<\/p>\n\n\n\n<p>LOS ANUNCIOS<\/p>\n\n\n\n<p>Pero desde la primera semana de octubre, ya el Foro Permanente de Abogados A. C., hab\u00eda dado a conocer la lista de \u201cfavoritos\u201d para ocupar cinco vacantes, sugeridos por el titular del Poder Ejecutivo, as\u00ed como la ratificaci\u00f3n de otros dos.<\/p>\n\n\n\n<p>\u201cCon la seguridad de que los actuales integrantes del Congreso de Oaxaca, (que ya hasta se despidieron) nuevamente, no convoquen a sesi\u00f3n extraordinaria en los 23 d\u00edas que le queda a su periodo y con el pretexto de cumplir con la \u201cobligaci\u00f3n\u201d que el art\u00edculo 102 de la Constituci\u00f3n de Oaxaca le concede, sea \u00e9l, el gobernador Alejandro Murat Hinojosa quien los nombre, con lo que sumar\u00e1 una bolsa de ocho magistrados designados por dedazo en el periodo r\u00e9cord de un a\u00f1o\u201d, difundi\u00f3 el fin el presidente del Foro Permanente de Abogados, Eduardo Castillo P\u00e9rez.<\/p>\n\n\n\n<p>\u201cLos oficios que contienen las ternas y est\u00e1n circulando en redes sociales, tienen fecha de 5 de octubre de 2021. As\u00ed que los 20 d\u00edas naturales con los que cuenta el Congreso de Oaxaca para elegir a uno o una de cada terna, vence el lunes 25 de octubre de 2021.<\/p>\n\n\n\n<p>\u201cA\u00fan dentro del periodo constitucional de la mayor\u00eda de los integrantes de la Legislatura que est\u00e1n por irse y que llegaron por el partido pol\u00edtico Morena, quienes, intencionalmente&nbsp; le han regalado ya tres magistraturas al actual gobernador de Oaxaca. Dif\u00edcil pensar que estos diputados y diputadas se quieran ir con las bolsas vac\u00edas en lo que ellos conocen como el \u2018A\u00f1o de Hidalgo\u2019\u201d, agreg\u00f3.<\/p>\n\n\n\n<p>Y no le fall\u00f3 el pron\u00f3stico, pues tal cual, fueron aprobadas las listas. Y por poco atina a una segunda omisi\u00f3n, adrede, del Legislativo que preside el morenista Fredie Delf\u00edn, pues faltaban tres d\u00edas para que venciera el plazo para sesionar y en su caso dejar las designaciones al gobernador Alejandro Murat. Pero no, se evitaron una segunda verg\u00fcenza de dejar al Ejecutivo la elecci\u00f3n\u2026 aunque no el repudio popular.&nbsp;<\/p>\n\n\n\n<p>LAS DESIGNACIONES<\/p>\n\n\n\n<p>As\u00ed, sin pena ni gloria, las y los diputados dejaron pasar las designaciones anunciadas con antelaci\u00f3n y supuestamente dictaminadas por la comisi\u00f3n &#8211;en la que por cierto la mayor\u00eda es morenista&#8211; que preside Elisa Zepeda, favorecida tambi\u00e9n.<\/p>\n\n\n\n<p>Juan Carlos D\u00edaz Carranza, favorecido hace unos a\u00f1os como notario; radicado en Puebla despu\u00e9s de su fallido paso como \u201casesor de medios\u201d y, sin ejercer absolutamente ning\u00fan cargo en la carrera judicial, recibi\u00f3 el beneficio s\u00f3lo por ser hijo de Juan D\u00edaz Pimentel.<\/p>\n\n\n\n<p>&nbsp;Alejandro Magno Gonzales Antonio, gris vicefiscal, acusado por activistas y madres de v\u00edctimas de coludirse con Rub\u00e9n Vasconcelos M\u00e9ndez para proteger a los delincuentes, no para apoyar a la sociedad.<\/p>\n\n\n\n<p>Berenice Ram\u00edrez Jim\u00e9nez, esposa de Juvenal Carbajal D\u00edaz; Roxana Elizabeth L\u00f3pez Luna, recomendada del magistrado Manuel Velasco Alc\u00e1ntara, y Sof\u00eda Altamirano Rueda, familiar del diputado federal Carol Antonio Altamirano.<\/p>\n\n\n\n<p>Mientras que en el Tribunal de Justicia Administrativa, el Legislativo se limit\u00f3 a obedecer la ratificaci\u00f3n de El\u00edas Cort\u00e9s L\u00f3pez, Alejandra Villaca\u00f1a Abascal, hija del diputado Jorge Villaca\u00f1a, y Camelia Gaspar Mart\u00ednez.<\/p>\n\n\n\n<p>CONGRESO DE LA IGNOMINIA<\/p>\n\n\n\n<p>As\u00ed cerr\u00f3 el gris Congreso del Estado, siempre sujeto a las peticiones del mandatario en turno, Alejandro Murat.<\/p>\n\n\n\n<p>As\u00ed obedecieron la mayor\u00eda las instrucciones del aut\u00e9ntico presidente de la Junta de Coordinaci\u00f3n Pol\u00edtica de la 64 Legislatura, el priista Alejandro Avil\u00e9s, que literalmente con migajas les requiri\u00f3 firma tras firma para los dict\u00e1menes.<\/p>\n\n\n\n<p>Cuatro coordinadores hubo, el m\u00e1s sumiso de ellos Fredie Delf\u00edn Avenda\u00f1o, que literalmente desapareci\u00f3 el dinero dos meses antes que concluyera la actual Legislatura.<\/p>\n\n\n\n<p>Honrosas excepciones de representantes populares, que entendieron e impulsaron leyes progresistas. Pero ni eso alcanza para no considerar al Poder Legislativo que termina el 13 de noviembre, como una de los peores de Oaxaca.<\/p>\n","protected":false},"excerpt":{"rendered":"<p>Ismael Garc\u00eda M.\/Zona Roja. Oaxaca de Ju\u00e1rez, Oax., 25 de octubre de 2021.- No pudo&hellip;<\/p>\n","protected":false},"author":2,"featured_media":7610,"comment_status":"closed","ping_status":"open","sticky":false,"template":"","format":"standard","meta":{"_lmt_disableupdate":"","_lmt_disable":"","_jetpack_memberships_contains_paid_content":false,"footnotes":""},"categories":[456,109,48],"tags":[1353],"class_list":["post-33535","post","type-post","status-publish","format-standard","has-post-thumbnail","hentry","category-columna","category-minuto-a-minuto","category-zona-critica","tag-opinion-zona-critica"],"jetpack_featured_media_url":"https:\/\/zonaroja.com.mx\/wp-content\/uploads\/2020\/01\/Opini\u00f3n-Zona-Cr\u00edtica.jpg","jetpack_sharing_enabled":true,"_links":{"self":[{"href":"https:\/\/zonaroja.com.mx\/index.php?rest_route=\/wp\/v2\/posts\/33535","targetHints":{"allow":["GET"]}}],"collection":[{"href":"https:\/\/zonaroja.com.mx\/index.php?rest_route=\/wp\/v2\/posts"}],"about":[{"href":"https:\/\/zonaroja.com.mx\/index.php?rest_route=\/wp\/v2\/types\/post"}],"author":[{"embeddable":true,"href":"https:\/\/zonaroja.com.mx\/index.php?rest_route=\/wp\/v2\/users\/2"}],"replies":[{"embeddable":true,"href":"https:\/\/zonaroja.com.mx\/index.php?rest_route=%2Fwp%2Fv2%2Fcomments&post=33535"}],"version-history":[{"count":2,"href":"https:\/\/zonaroja.com.mx\/index.php?rest_route=\/wp\/v2\/posts\/33535\/revisions"}],"predecessor-version":[{"id":33540,"href":"https:\/\/zonaroja.com.mx\/index.php?rest_route=\/wp\/v2\/posts\/33535\/revisions\/33540"}],"wp:featuredmedia":[{"embeddable":true,"href":"https:\/\/zonaroja.com.mx\/index.php?rest_route=\/wp\/v2\/media\/7610"}],"wp:attachment":[{"href":"https:\/\/zonaroja.com.mx\/index.php?rest_route=%2Fwp%2Fv2%2Fmedia&parent=33535"}],"wp:term":[{"taxonomy":"category","embeddable":true,"href":"https:\/\/zonaroja.com.mx\/index.php?rest_route=%2Fwp%2Fv2%2Fcategories&post=33535"},{"taxonomy":"post_tag","embeddable":true,"href":"https:\/\/zonaroja.com.mx\/index.php?rest_route=%2Fwp%2Fv2%2Ftags&post=33535"}],"curies":[{"name":"wp","href":"https:\/\/api.w.org\/{rel}","templated":true}]}}