{"id":33541,"date":"2021-10-25T10:41:13","date_gmt":"2021-10-25T15:41:13","guid":{"rendered":"http:\/\/www.zonaroja.com.mx\/?p=33541"},"modified":"2021-10-25T10:41:16","modified_gmt":"2021-10-25T15:41:16","slug":"crece-impunidad-en-oaxaca-por-bloqueos-ausente-la-segego","status":"publish","type":"post","link":"https:\/\/zonaroja.com.mx\/?p=33541","title":{"rendered":"Crece impunidad en Oaxaca por bloqueos; ausente la Segego"},"content":{"rendered":"\n<p>Redacci\u00f3n\/Zona Roja.<\/p>\n\n\n\n<p>Oaxaca de Ju\u00e1rez, Oax., 25 de octubre de 2021.- Al menos dos bloqueos carreteros cumplieron ocho d\u00edas de instalados, a falta de atenci\u00f3n por parte de autoridades municipales y de la Secretar\u00eda General de Gobierno (Segego).<\/p>\n\n\n\n<p>Aunado a ello, este lunes se intensificaron las protestas en la capital oaxaque\u00f1a y zona conurbada. Adem\u00e1s, una representaci\u00f3n de pobladores de la Sierra Norte se encuentra en el z\u00f3calo de la capital del pa\u00eds.<\/p>\n\n\n\n<p>Hasta la ma\u00f1ana de este lunes, contin\u00faa el cierre de la v\u00eda federal 200, Salina Cruz-Pinotepa Nacional, a la altura de San Pedro Huamelula, por parte de pobladores de agencias que exigen al edil Jos\u00e9 Virgilio Fuentes Z\u00e1rate la asignaci\u00f3n de recursos presupuestales.<\/p>\n\n\n\n<p>Otro bloqueo que rebasa los ocho d\u00edas es el de San Marcos Zacatepec a la carretera a R\u00edo Grande, para exigir recursos al edil de Santa Catarina Juquila; pero \u00e9ste decidi\u00f3 bloquear el paso de Zacatepec a la comunidad, lo que ha originado riesgos de enfrentamiento.<\/p>\n\n\n\n<figure class=\"wp-block-embed-twitter wp-block-embed is-type-rich is-provider-twitter\"><div class=\"wp-block-embed__wrapper\">\n<div class=\"twitter-tweet\"><blockquote class=\"twitter-tweet\" data-lang=\"es\"><p lang=\"es\" dir=\"ltr\"><a href=\"https:\/\/twitter.com\/hashtag\/%C3%9AltimoMinuto?src=hash&amp;ref_src=twsrc%5Etfw\">#\u00daltimoMinuto<\/a> <br>Ante la desatenci\u00f3n de la <a href=\"https:\/\/twitter.com\/SEGEGO_GobOax?ref_src=twsrc%5Etfw\">@SEGEGO_GobOax<\/a>, pobladores de la Sierra Norte, entre ellos San Melchor <a href=\"https:\/\/twitter.com\/hashtag\/Betaza?src=hash&amp;ref_src=twsrc%5Etfw\">#Betaza<\/a>, llevan su protesta a la Ciudad de <a href=\"https:\/\/twitter.com\/hashtag\/M%C3%A9xico?src=hash&amp;ref_src=twsrc%5Etfw\">#M\u00e9xico<\/a>. <a href=\"https:\/\/t.co\/2P5AS5deRb\">pic.twitter.com\/2P5AS5deRb<\/a><\/p>&mdash; Zona Roja Oaxaca (@Zona_Roja_Oax) <a href=\"https:\/\/twitter.com\/Zona_Roja_Oax\/status\/1452657673485291520?ref_src=twsrc%5Etfw\">25 de octubre de 2021<\/a><\/blockquote><\/div>\n<\/div><\/figure>\n\n\n\n<p>Mientras tanto en la ciudad de M\u00e9xico, frente al Palacio Nacional, se encuentran pobladores del Frente de Agencias Municipales y de Polic\u00eda de la Sierra Ju\u00e1rez y Mixe, entre ellos San Melchor Betaza, tambi\u00e9n para exigir recursos a sus respectivos ayuntamientos.<\/p>\n\n\n\n<p>En la ciudad de Oaxaca, transportistas afiliados a la CTM se mantienen en la calle Sabinos, frente a las oficinas de la Secretar\u00eda del Medio Ambiente y Recursos Naturales (Semarnat), con la finalidad de que se autorice la continuaci\u00f3n de operaciones de la Compa\u00f1\u00eda Minera Cuzcatl\u00e1n y no se afecte a m\u00e1s de mil 200 empleos directos.<\/p>\n\n\n\n<p>Esta ma\u00f1ana en la carretera Internacional Oaxaca-Istmo, en inmediaciones de Juchit\u00e1n de Zaragoza, se instal\u00f3 una protesta por parte de empleados de la Comisi\u00f3n Estatal del Agua (CEA).<\/p>\n\n\n\n<p>En la caseta de peaje de Huitzo, sobre la supecarretera Oaxaca-Cuacnopalan, un grupo de habitantes de la regi\u00f3n Mixteca se apoder\u00f3 del sitio y realiza el cobro de sus respectivas cuotas, que como m\u00ednimo son 100 pesos por veh\u00edculo.<\/p>\n\n\n\n<p>En la Cuenca, pobladores de San Lucas Ojitl\u00e1n se apoderaron de la caseta de peaje \u201cEl Caracol\u201d, de la carretera que divide a Oaxaca con Veracruz.<\/p>\n\n\n\n<p>Hasta el momento la Secretar\u00eda General de Gobierno (Segego) no ha informado si atiende las protestas o media para que sean atendidos los manifestantes.<\/p>\n\n\n\n<figure class=\"wp-block-embed-twitter wp-block-embed is-type-rich is-provider-twitter\"><div class=\"wp-block-embed__wrapper\">\n<div class=\"twitter-tweet\"><blockquote class=\"twitter-tweet\" data-lang=\"es\"><p lang=\"es\" dir=\"ltr\"><a href=\"https:\/\/twitter.com\/hashtag\/%C3%9AltimoMinuto?src=hash&amp;ref_src=twsrc%5Etfw\">#\u00daltimoMinuto<\/a> <br>Transportistas afiliado a la <a href=\"https:\/\/twitter.com\/CTM_MX?ref_src=twsrc%5Etfw\">@CTM_MX<\/a> mantienen bloqueo a las oficinas de la <a href=\"https:\/\/twitter.com\/SEMARNAT_mx?ref_src=twsrc%5Etfw\">@SEMARNAT_mx<\/a>, en la colonia reforma de la ciudad de <a href=\"https:\/\/twitter.com\/hashtag\/Oaxaca?src=hash&amp;ref_src=twsrc%5Etfw\">#Oaxaca<\/a>.<br>Exigen respeto a su fuente de trabajo y autorizaci\u00f3n de continuaci\u00f3n de operaciones de la Compa\u00f1\u00eda Minera Cuzcatl\u00e1n. <a href=\"https:\/\/t.co\/p9RRsnA1i6\">pic.twitter.com\/p9RRsnA1i6<\/a><\/p>&mdash; Zona Roja Oaxaca (@Zona_Roja_Oax) <a href=\"https:\/\/twitter.com\/Zona_Roja_Oax\/status\/1452655969050185743?ref_src=twsrc%5Etfw\">25 de octubre de 2021<\/a><\/blockquote><\/div>\n<\/div><\/figure>\n","protected":false},"excerpt":{"rendered":"<p>Redacci\u00f3n\/Zona Roja. Oaxaca de Ju\u00e1rez, Oax., 25 de octubre de 2021.- Al menos dos bloqueos&hellip;<\/p>\n","protected":false},"author":2,"featured_media":33543,"comment_status":"closed","ping_status":"open","sticky":false,"template":"","format":"standard","meta":{"_lmt_disableupdate":"","_lmt_disable":"","_jetpack_memberships_contains_paid_content":false,"footnotes":""},"categories":[109,47],"tags":[2264],"class_list":["post-33541","post","type-post","status-publish","format-standard","has-post-thumbnail","hentry","category-minuto-a-minuto","category-zona-gris","tag-bloqueos-y-protestas-oaxaca"],"jetpack_featured_media_url":"https:\/\/zonaroja.com.mx\/wp-content\/uploads\/2021\/10\/Bloqueo-Juchitan-1.jpg","jetpack_sharing_enabled":true,"_links":{"self":[{"href":"https:\/\/zonaroja.com.mx\/index.php?rest_route=\/wp\/v2\/posts\/33541","targetHints":{"allow":["GET"]}}],"collection":[{"href":"https:\/\/zonaroja.com.mx\/index.php?rest_route=\/wp\/v2\/posts"}],"about":[{"href":"https:\/\/zonaroja.com.mx\/index.php?rest_route=\/wp\/v2\/types\/post"}],"author":[{"embeddable":true,"href":"https:\/\/zonaroja.com.mx\/index.php?rest_route=\/wp\/v2\/users\/2"}],"replies":[{"embeddable":true,"href":"https:\/\/zonaroja.com.mx\/index.php?rest_route=%2Fwp%2Fv2%2Fcomments&post=33541"}],"version-history":[{"count":1,"href":"https:\/\/zonaroja.com.mx\/index.php?rest_route=\/wp\/v2\/posts\/33541\/revisions"}],"predecessor-version":[{"id":33544,"href":"https:\/\/zonaroja.com.mx\/index.php?rest_route=\/wp\/v2\/posts\/33541\/revisions\/33544"}],"wp:featuredmedia":[{"embeddable":true,"href":"https:\/\/zonaroja.com.mx\/index.php?rest_route=\/wp\/v2\/media\/33543"}],"wp:attachment":[{"href":"https:\/\/zonaroja.com.mx\/index.php?rest_route=%2Fwp%2Fv2%2Fmedia&parent=33541"}],"wp:term":[{"taxonomy":"category","embeddable":true,"href":"https:\/\/zonaroja.com.mx\/index.php?rest_route=%2Fwp%2Fv2%2Fcategories&post=33541"},{"taxonomy":"post_tag","embeddable":true,"href":"https:\/\/zonaroja.com.mx\/index.php?rest_route=%2Fwp%2Fv2%2Ftags&post=33541"}],"curies":[{"name":"wp","href":"https:\/\/api.w.org\/{rel}","templated":true}]}}