{"id":33546,"date":"2021-10-25T13:14:56","date_gmt":"2021-10-25T18:14:56","guid":{"rendered":"https:\/\/www.zonaroja.com.mx\/?p=33546"},"modified":"2021-10-25T13:14:59","modified_gmt":"2021-10-25T18:14:59","slug":"dice-fiscalia-que-solo-hallo-un-herido-y-24-casas-quemadas-en-atatlahuca","status":"publish","type":"post","link":"https:\/\/zonaroja.com.mx\/?p=33546","title":{"rendered":"Dice Fiscal\u00eda que s\u00f3lo hall\u00f3 un herido y 24 casas quemadas en Atatlahuca"},"content":{"rendered":"\n<p>Redacci\u00f3n\/Zona Roja. <\/p>\n\n\n\n<p>Oaxaca de Ju\u00e1rez, Oax., 25 de octubre de 2021.- La Fiscal\u00eda General del Estado de Oaxaca inform\u00f3 que en Guerrero Grande, San Esteban Atatlahuca, solamente hall\u00f3 una persona herida de bala y 24 casas incendiadas, m\u00e1s no muertos.<\/p>\n\n\n\n<p>En un comunicado, expuso que tras los incidentes de violencia que sucedieron el 23 de octubre de 2021, tom\u00f3 conocimiento del caso \u201cdesde el primer momento e inici\u00f3 los trabajos de investigaci\u00f3n correspondientes\u201d.<\/p>\n\n\n\n<p>Agreg\u00f3 que a trav\u00e9s de la Vicefiscal\u00eda Regional de la Mixteca, la Fiscal\u00eda particip\u00f3 en un operativo coordinado en el que intervino la Polic\u00eda Estatal, Guardia Nacional, Secretar\u00eda de la Defensa Nacional, Secretar\u00eda General de Gobierno y la Defensor\u00eda de los Derechos Humanos del Pueblo de Oaxaca.<\/p>\n\n\n\n<p>\u201cComo resultado de las labores de campo, se tuvo conocimiento de una persona lesionada por arma de fuego, adem\u00e1s que se aseguraron elementos bal\u00edsticos de diferentes calibres.<\/p>\n\n\n\n<p>\u201cA consecuencia de los hechos suscitados en la agencia de polic\u00eda de Guerrero Grande, se contabilizaron 24 viviendas incendiadas por las cuales se inici\u00f3 la carpeta de investigaci\u00f3n 35033\/FMIX\/TLAXIACO\/2021.<\/p>\n\n\n\n<p>\u201cAdem\u00e1s que, personal de la FGEO tom\u00f3 la declaraci\u00f3n de las v\u00edctimas que est\u00e1n alojadas en un albergue temporal y brind\u00f3 asesor\u00eda jur\u00eddica a quienes lo requirieron\u201d.<\/p>\n\n\n\n<p>Expuso que con estas acciones, la Fiscal\u00eda General del estado de Oaxaca se compromete a efectuar un trabajo efectivo para esclarecer los hechos que afectan a la poblaci\u00f3n en esta zona de la regi\u00f3n de la Mixteca.<\/p>\n\n\n\n<p>Cabe mencionar que fue el Centro de Derechos Humanos y Asesor\u00eda a Pueblos Ind\u00edgenas (Cedhapi), quien inform\u00f3 la noche del s\u00e1bado acerca de cinco personas fallecidas, dos de ellas calcinadas, entre estas una mujer. <\/p>\n","protected":false},"excerpt":{"rendered":"<p>Redacci\u00f3n\/Zona Roja. Oaxaca de Ju\u00e1rez, Oax., 25 de octubre de 2021.- La Fiscal\u00eda General del&hellip;<\/p>\n","protected":false},"author":2,"featured_media":33545,"comment_status":"closed","ping_status":"open","sticky":false,"template":"","format":"standard","meta":{"_lmt_disableupdate":"","_lmt_disable":"","_jetpack_memberships_contains_paid_content":false,"footnotes":""},"categories":[109,47],"tags":[1025],"class_list":["post-33546","post","type-post","status-publish","format-standard","has-post-thumbnail","hentry","category-minuto-a-minuto","category-zona-gris","tag-san-esteban-atatlahuca"],"jetpack_featured_media_url":"https:\/\/zonaroja.com.mx\/wp-content\/uploads\/2021\/10\/img_6125.jpg","jetpack_sharing_enabled":true,"_links":{"self":[{"href":"https:\/\/zonaroja.com.mx\/index.php?rest_route=\/wp\/v2\/posts\/33546","targetHints":{"allow":["GET"]}}],"collection":[{"href":"https:\/\/zonaroja.com.mx\/index.php?rest_route=\/wp\/v2\/posts"}],"about":[{"href":"https:\/\/zonaroja.com.mx\/index.php?rest_route=\/wp\/v2\/types\/post"}],"author":[{"embeddable":true,"href":"https:\/\/zonaroja.com.mx\/index.php?rest_route=\/wp\/v2\/users\/2"}],"replies":[{"embeddable":true,"href":"https:\/\/zonaroja.com.mx\/index.php?rest_route=%2Fwp%2Fv2%2Fcomments&post=33546"}],"version-history":[{"count":1,"href":"https:\/\/zonaroja.com.mx\/index.php?rest_route=\/wp\/v2\/posts\/33546\/revisions"}],"predecessor-version":[{"id":33547,"href":"https:\/\/zonaroja.com.mx\/index.php?rest_route=\/wp\/v2\/posts\/33546\/revisions\/33547"}],"wp:featuredmedia":[{"embeddable":true,"href":"https:\/\/zonaroja.com.mx\/index.php?rest_route=\/wp\/v2\/media\/33545"}],"wp:attachment":[{"href":"https:\/\/zonaroja.com.mx\/index.php?rest_route=%2Fwp%2Fv2%2Fmedia&parent=33546"}],"wp:term":[{"taxonomy":"category","embeddable":true,"href":"https:\/\/zonaroja.com.mx\/index.php?rest_route=%2Fwp%2Fv2%2Fcategories&post=33546"},{"taxonomy":"post_tag","embeddable":true,"href":"https:\/\/zonaroja.com.mx\/index.php?rest_route=%2Fwp%2Fv2%2Ftags&post=33546"}],"curies":[{"name":"wp","href":"https:\/\/api.w.org\/{rel}","templated":true}]}}