{"id":3355,"date":"2019-08-24T14:42:34","date_gmt":"2019-08-24T19:42:34","guid":{"rendered":"http:\/\/www.zonaroja.com.mx\/?p=3355"},"modified":"2019-08-24T14:42:37","modified_gmt":"2019-08-24T19:42:37","slug":"incontenibles-las-muertes-violentas-de-mujeres-en-oaxaca-van-339-casos","status":"publish","type":"post","link":"https:\/\/zonaroja.com.mx\/?p=3355","title":{"rendered":"Incontenibles las muertes violentas de mujeres en Oaxaca; van 339 casos"},"content":{"rendered":"\n<p>Evlin\nArag\u00f3n\/Zona Roja.<\/p>\n\n\n\n<p>Oaxaca de\nJu\u00e1rez, Oax., 24 de agosto de 2019.- <\/p>\n\n\n\n<p>El Grupo de\nEstudios sobre la Mujer \u201cRosario Castellanos\u201d (GES Mujer), dio a conocer que\nson 339 casos de mujeres asesinadas en la entidad oaxaque\u00f1a en lo que va del\ngobierno de Alejandro Murat Hinojosa, de acuerdo al seguimiento hemerogr\u00e1fico\nde su Centro de Investigaci\u00f3n. <\/p>\n\n\n\n<p>Valles\nCentrales, Istmo y Costa se han convertido en las regiones m\u00e1s violentas para\nlas mujeres, al concentrar el 58 por ciento del total de los casos y siendo el\nmes de junio el que registra m\u00e1s feminicidios en los \u00faltimos tres a\u00f1os.<\/p>\n\n\n\n<p>Los datos\ndifundidos por GES Mujer reflejan que se han registrado 124 asesinatos de\nmujeres en Oaxaca despu\u00e9s de la Declaratoria de Alerta de Violencia de G\u00e9nero,\nla cual no ha podido mermar el \u00edndice de feminicidios que, por el contrario,\nsigue a la alza.<\/p>\n\n\n\n<p>Las mujeres\nde 30 a 44 y de 16 a 29 a\u00f1os son las que enfrentan mayor riesgo de ser\nasesinadas en la entidad, ya que en lo que va del a\u00f1o el 53 por ciento de los\nfeminicidios se han registrado en este rango de edad, siendo el impacto de\narmas de fuego y el apu\u00f1alamiento las&nbsp;\nformas m\u00e1s recurrentes en las que les han arrebatado la vida. <\/p>\n\n\n\n<p>La cifra de\nfeminicidios durante esta administraci\u00f3n est\u00e1 por debajo de los registrados en\nlos sexenios de Jos\u00e9 Murat, Ulises Ruiz y Gabino Cu\u00e9, que fueron de 429, 283 y\n527 respectivamente.<\/p>\n\n\n\n<p>Sn embargo,\nel actual gobierno de Alejandro Murat se encuentra a la mitad de su gesti\u00f3n,\npor lo que de continuar con la tendencia hasta ahora, podr\u00eda convertirse en el\nm\u00e1s violento y feminicida para las oaxaque\u00f1as.<\/p>\n\n\n\n<p>Los \u00faltimos\ncasos registrados por los medios de comunicaci\u00f3n sucedieron en la regi\u00f3n de la\nCosta, siendo Adalberta de 45 a\u00f1os de edad, asesinada junto a su esposo por\ndetonaci\u00f3n de armas de grueso calibre en su domicilio en el municipio de Santo\nDomingo de Morelos; Mar\u00eda Eugenia, de 19 a\u00f1os cuyo cuerpo fue localizado en el\ncamino de terracer\u00eda que comunica a Playa Colorada, en Puerto Escondido; y\nMar\u00eda quien se encontraba en su domicilio, ubicado en San Agust\u00edn Chayuco,\nJamiltepec, cuando arrib\u00f3 un sujeto deton\u00f3 una escopeta y le dispar\u00f3.<\/p>\n","protected":false},"excerpt":{"rendered":"<p>Evlin Arag\u00f3n\/Zona Roja. Oaxaca de Ju\u00e1rez, Oax., 24 de agosto de 2019.- El Grupo de&hellip;<\/p>\n","protected":false},"author":2,"featured_media":3356,"comment_status":"closed","ping_status":"open","sticky":false,"template":"","format":"standard","meta":{"_lmt_disableupdate":"","_lmt_disable":"","_jetpack_memberships_contains_paid_content":false,"footnotes":""},"categories":[109,51],"tags":[610],"class_list":["post-3355","post","type-post","status-publish","format-standard","has-post-thumbnail","hentry","category-minuto-a-minuto","category-zona-roja","tag-feminicidios-oaxaca"],"jetpack_featured_media_url":"https:\/\/zonaroja.com.mx\/wp-content\/uploads\/2019\/08\/Mar\u00eda-del-Sol-Cruz-Jarqu\u00edn-1-1.jpg","jetpack_sharing_enabled":true,"_links":{"self":[{"href":"https:\/\/zonaroja.com.mx\/index.php?rest_route=\/wp\/v2\/posts\/3355","targetHints":{"allow":["GET"]}}],"collection":[{"href":"https:\/\/zonaroja.com.mx\/index.php?rest_route=\/wp\/v2\/posts"}],"about":[{"href":"https:\/\/zonaroja.com.mx\/index.php?rest_route=\/wp\/v2\/types\/post"}],"author":[{"embeddable":true,"href":"https:\/\/zonaroja.com.mx\/index.php?rest_route=\/wp\/v2\/users\/2"}],"replies":[{"embeddable":true,"href":"https:\/\/zonaroja.com.mx\/index.php?rest_route=%2Fwp%2Fv2%2Fcomments&post=3355"}],"version-history":[{"count":1,"href":"https:\/\/zonaroja.com.mx\/index.php?rest_route=\/wp\/v2\/posts\/3355\/revisions"}],"predecessor-version":[{"id":3357,"href":"https:\/\/zonaroja.com.mx\/index.php?rest_route=\/wp\/v2\/posts\/3355\/revisions\/3357"}],"wp:featuredmedia":[{"embeddable":true,"href":"https:\/\/zonaroja.com.mx\/index.php?rest_route=\/wp\/v2\/media\/3356"}],"wp:attachment":[{"href":"https:\/\/zonaroja.com.mx\/index.php?rest_route=%2Fwp%2Fv2%2Fmedia&parent=3355"}],"wp:term":[{"taxonomy":"category","embeddable":true,"href":"https:\/\/zonaroja.com.mx\/index.php?rest_route=%2Fwp%2Fv2%2Fcategories&post=3355"},{"taxonomy":"post_tag","embeddable":true,"href":"https:\/\/zonaroja.com.mx\/index.php?rest_route=%2Fwp%2Fv2%2Ftags&post=3355"}],"curies":[{"name":"wp","href":"https:\/\/api.w.org\/{rel}","templated":true}]}}