{"id":33550,"date":"2021-10-25T18:04:56","date_gmt":"2021-10-25T23:04:56","guid":{"rendered":"http:\/\/www.zonaroja.com.mx\/?p=33550"},"modified":"2021-10-25T18:04:59","modified_gmt":"2021-10-25T23:04:59","slug":"por-fin-logran-ingresar-fiscalia-y-policias-a-mier-y-teran-atatlahuaca","status":"publish","type":"post","link":"https:\/\/zonaroja.com.mx\/?p=33550","title":{"rendered":"Por fin logran ingresar Fiscal\u00eda y polic\u00edas a Mier y Ter\u00e1n, Atatlahuaca"},"content":{"rendered":"\n<p>Redacci\u00f3n\/Zona Roja.<\/p>\n\n\n\n<p>Oaxaca de Ju\u00e1rez, Oax., 25 de octubre de 2021.- Cinco d\u00edas despu\u00e9s de la denuncia de hechos por parte de pobladores, personal de la Fiscal\u00eda General del Estado de Oaxaca y corporaciones policiacas lograron ingresar a la comunidad de Mier y Ter\u00e1n, de San Esteban Atatlahuca.<\/p>\n\n\n\n<p>Asimismo, en un comunicado, el Gobierno del Estado detall\u00f3 que el domingo 24 de octubre pudo ingresar a la zona de conflicto en la agencia de Guerrero Grande, otro de los pueblos, adem\u00e1s de Ndoyonoyuji.<\/p>\n\n\n\n<p>\u201cEn ese sentido, la Secretar\u00eda de Seguridad P\u00fablica, Guardia Nacional y Sedena, implementaron un operativo de seguridad, y la Fiscal\u00eda General del Estado inici\u00f3 con las investigaciones correspondientes. Tambi\u00e9n se realiz\u00f3 la b\u00fasqueda de los seis cuerpos de personas fallecidas ante los primeros reportes y actualmente contin\u00faan los recorridos de reconocimiento en la zona.<\/p>\n\n\n\n<p>\u201cCabe destacar que durante el operativo de b\u00fasqueda, no se localizaron cuerpos de personas fallecidas, solo a una persona con una lesi\u00f3n por arma de fuego en un brazo, 24 casas da\u00f1adas y elementos bal\u00edsticos de diferentes calibres.<\/p>\n\n\n\n<p>\u201cAnte esto, personal de la Fiscal\u00eda dio apertura a la carpeta de investigaci\u00f3n correspondiente y tomo la declaraci\u00f3n de las v\u00edctimas\u201d, detall\u00f3 en un comunicado.<\/p>\n\n\n\n<p>Agreg\u00f3 que como parte del operativo de seguridad, este lunes 25 de octubre, se ingres\u00f3 a la comunidad de Mier y Ter\u00e1n, con el objetivo de salvaguardar la integridad f\u00edsica de las y los habitantes y continuar con las investigaciones correspondientes.<\/p>\n\n\n\n<p>Por su parte, personal especializado de la Defensor\u00eda de los Derechos Humanos certific\u00f3 las acciones que se realizaron en las agencias Guerrero Grande, Mier y Ter\u00e1n y en la cabecera municipal San Esteban Atatlahuca.<\/p>\n","protected":false},"excerpt":{"rendered":"<p>Redacci\u00f3n\/Zona Roja. Oaxaca de Ju\u00e1rez, Oax., 25 de octubre de 2021.- Cinco d\u00edas despu\u00e9s de&hellip;<\/p>\n","protected":false},"author":2,"featured_media":33551,"comment_status":"closed","ping_status":"open","sticky":false,"template":"","format":"standard","meta":{"_lmt_disableupdate":"","_lmt_disable":"","_jetpack_memberships_contains_paid_content":false,"footnotes":""},"categories":[109,47],"tags":[1025],"class_list":["post-33550","post","type-post","status-publish","format-standard","has-post-thumbnail","hentry","category-minuto-a-minuto","category-zona-gris","tag-san-esteban-atatlahuca"],"jetpack_featured_media_url":"https:\/\/zonaroja.com.mx\/wp-content\/uploads\/2021\/10\/Policias-San-Esteban-Atatlahuca.jpeg","jetpack_sharing_enabled":true,"_links":{"self":[{"href":"https:\/\/zonaroja.com.mx\/index.php?rest_route=\/wp\/v2\/posts\/33550","targetHints":{"allow":["GET"]}}],"collection":[{"href":"https:\/\/zonaroja.com.mx\/index.php?rest_route=\/wp\/v2\/posts"}],"about":[{"href":"https:\/\/zonaroja.com.mx\/index.php?rest_route=\/wp\/v2\/types\/post"}],"author":[{"embeddable":true,"href":"https:\/\/zonaroja.com.mx\/index.php?rest_route=\/wp\/v2\/users\/2"}],"replies":[{"embeddable":true,"href":"https:\/\/zonaroja.com.mx\/index.php?rest_route=%2Fwp%2Fv2%2Fcomments&post=33550"}],"version-history":[{"count":1,"href":"https:\/\/zonaroja.com.mx\/index.php?rest_route=\/wp\/v2\/posts\/33550\/revisions"}],"predecessor-version":[{"id":33552,"href":"https:\/\/zonaroja.com.mx\/index.php?rest_route=\/wp\/v2\/posts\/33550\/revisions\/33552"}],"wp:featuredmedia":[{"embeddable":true,"href":"https:\/\/zonaroja.com.mx\/index.php?rest_route=\/wp\/v2\/media\/33551"}],"wp:attachment":[{"href":"https:\/\/zonaroja.com.mx\/index.php?rest_route=%2Fwp%2Fv2%2Fmedia&parent=33550"}],"wp:term":[{"taxonomy":"category","embeddable":true,"href":"https:\/\/zonaroja.com.mx\/index.php?rest_route=%2Fwp%2Fv2%2Fcategories&post=33550"},{"taxonomy":"post_tag","embeddable":true,"href":"https:\/\/zonaroja.com.mx\/index.php?rest_route=%2Fwp%2Fv2%2Ftags&post=33550"}],"curies":[{"name":"wp","href":"https:\/\/api.w.org\/{rel}","templated":true}]}}