{"id":33562,"date":"2021-10-25T22:16:54","date_gmt":"2021-10-26T03:16:54","guid":{"rendered":"http:\/\/www.zonaroja.com.mx\/?p=33562"},"modified":"2021-10-25T22:16:58","modified_gmt":"2021-10-26T03:16:58","slug":"matan-a-hombre-y-mujer-adultos-mayores-en-valle-nacional-oaxaca","status":"publish","type":"post","link":"https:\/\/zonaroja.com.mx\/?p=33562","title":{"rendered":"Matan a hombre y mujer adultos mayores en Valle Nacional, Oaxaca"},"content":{"rendered":"\n<p>Redacci\u00f3n\/Zona Roja.<\/p>\n\n\n\n<p>Oaxaca de Ju\u00e1rez, Oax., 25 de octubre de 2021.- Una pareja de ancianos fue asesinada en la localidad de Cerro de Armadillo Grande, del municipio de San Juan Bautista Valle Nacional, Oaxaca.<\/p>\n\n\n\n<p>Los cuerpos fueron localizados ayer en estado de putrefacci\u00f3n, y se desconoce a\u00fan la fecha en que fueron privados de la vida.<\/p>\n\n\n\n<p>Las v\u00edctimas fueron identificadas de manera preliminar como Jos\u00e9 M\u00e9ndez y Altagracia N., personas adultas mayores que presumiblemente murieron por ataques violentos.<\/p>\n\n\n\n<p>La Vicefiscal\u00eda Regional de la Cuenca inici\u00f3 con las indagatorias correspondientes, para esclarecer los hechos.<\/p>\n\n\n\n<p>Por otra parte, en el municipio de Pluma Hidalgo, en la regi\u00f3n de la Costa, fue atacado con arma blanca una persona del sexo masculino.<\/p>\n\n\n\n<p>Al ser trasladado herido de gravedad a un hospital de Santa Mar\u00eda Huatulco, certificaron que ya hab\u00eda perdido la vida; la v\u00edctima fue identificada como Hip\u00f3lito P\u00e9rez Gallardo.<\/p>\n\n\n\n<p>Hasta el momento se desconocen las causas del homicidio.<\/p>\n","protected":false},"excerpt":{"rendered":"<p>Redacci\u00f3n\/Zona Roja. Oaxaca de Ju\u00e1rez, Oax., 25 de octubre de 2021.- Una pareja de ancianos&hellip;<\/p>\n","protected":false},"author":2,"featured_media":18317,"comment_status":"closed","ping_status":"open","sticky":false,"template":"","format":"standard","meta":{"_lmt_disableupdate":"","_lmt_disable":"","_jetpack_memberships_contains_paid_content":false,"footnotes":""},"categories":[109,51],"tags":[1824],"class_list":["post-33562","post","type-post","status-publish","format-standard","has-post-thumbnail","hentry","category-minuto-a-minuto","category-zona-roja","tag-san-juan-bautista-valle-nacional"],"jetpack_featured_media_url":"https:\/\/zonaroja.com.mx\/wp-content\/uploads\/2020\/10\/Escena-del-crimen5.jpg","jetpack_sharing_enabled":true,"_links":{"self":[{"href":"https:\/\/zonaroja.com.mx\/index.php?rest_route=\/wp\/v2\/posts\/33562","targetHints":{"allow":["GET"]}}],"collection":[{"href":"https:\/\/zonaroja.com.mx\/index.php?rest_route=\/wp\/v2\/posts"}],"about":[{"href":"https:\/\/zonaroja.com.mx\/index.php?rest_route=\/wp\/v2\/types\/post"}],"author":[{"embeddable":true,"href":"https:\/\/zonaroja.com.mx\/index.php?rest_route=\/wp\/v2\/users\/2"}],"replies":[{"embeddable":true,"href":"https:\/\/zonaroja.com.mx\/index.php?rest_route=%2Fwp%2Fv2%2Fcomments&post=33562"}],"version-history":[{"count":1,"href":"https:\/\/zonaroja.com.mx\/index.php?rest_route=\/wp\/v2\/posts\/33562\/revisions"}],"predecessor-version":[{"id":33563,"href":"https:\/\/zonaroja.com.mx\/index.php?rest_route=\/wp\/v2\/posts\/33562\/revisions\/33563"}],"wp:featuredmedia":[{"embeddable":true,"href":"https:\/\/zonaroja.com.mx\/index.php?rest_route=\/wp\/v2\/media\/18317"}],"wp:attachment":[{"href":"https:\/\/zonaroja.com.mx\/index.php?rest_route=%2Fwp%2Fv2%2Fmedia&parent=33562"}],"wp:term":[{"taxonomy":"category","embeddable":true,"href":"https:\/\/zonaroja.com.mx\/index.php?rest_route=%2Fwp%2Fv2%2Fcategories&post=33562"},{"taxonomy":"post_tag","embeddable":true,"href":"https:\/\/zonaroja.com.mx\/index.php?rest_route=%2Fwp%2Fv2%2Ftags&post=33562"}],"curies":[{"name":"wp","href":"https:\/\/api.w.org\/{rel}","templated":true}]}}