{"id":33567,"date":"2021-10-26T07:24:42","date_gmt":"2021-10-26T12:24:42","guid":{"rendered":"http:\/\/www.zonaroja.com.mx\/?p=33567"},"modified":"2021-10-26T07:24:45","modified_gmt":"2021-10-26T12:24:45","slug":"buscan-alternativas-de-acceso-a-la-justicia-en-comunidades-indigenas","status":"publish","type":"post","link":"https:\/\/zonaroja.com.mx\/?p=33567","title":{"rendered":"Buscan alternativas de acceso a la justicia en comunidades ind\u00edgenas"},"content":{"rendered":"\n<p>Redacci\u00f3n\/Zona Roja.<\/p>\n\n\n\n<p>Oaxaca de Ju\u00e1rez, Oax., 26 de octubre de 2021.- En la actualidad, la violencia al interior de los hogares y en la vida pol\u00edtica, la falta de acceso a la salud y a la justicia, son las principales problem\u00e1ticas a las que enfrentan las mujeres al interior de las comunidades ind\u00edgenas de la entidad oaxaque\u00f1a.<\/p>\n\n\n\n<p>As\u00ed lo expuso Edith Mat\u00edas Juan, ind\u00edgena zapoteca del Valle Central, en el m\u00e1s reciente episodio del podcast feminista \u201cOla Violeta\u201d, proyecto independiente que encabeza la periodista y colaboradora de ZONA ROJA, Evlin Arag\u00f3n.&nbsp;&nbsp;&nbsp;<\/p>\n\n\n\n<p>La especialista indic\u00f3 que, la falta de acceso a la justicia del Estado ha originado que las mujeres al interior de los pueblos se organicen para sancionar, de manera local, la violencia de la que son v\u00edctimas al interior de su hogar.&nbsp;<\/p>\n\n\n\n<p>Tal es el caso de Santa Mar\u00eda Yucuiti, municipio perteneciente a la regi\u00f3n Mixteca, en donde a partir de que se cre\u00f3 la Instancia de las Mujeres, \u00e9stas generaron un Plan de Acci\u00f3n Comunitaria para mejorar el acceso a la justicia de todas.&nbsp;<\/p>\n\n\n\n<p>Mediante esta acci\u00f3n trabajaron de manera directa con el presidente y s\u00edndico municipal para que sean estas autoridades las que reciban la denuncia y designen las sanciones en contra de los agresores.&nbsp;<\/p>\n\n\n\n<p>Y es que, las mujeres de la localidad detectaron que al tener que presentar la denuncia en el Centro de Justicia m\u00e1s cercano, en este caso Tlaxiaco, les genera un gasto aproximando de dos mil pesos -entre pasaje, hospedaje y tr\u00e1mites- situaci\u00f3n que las obliga a desistir del procedimiento penal.&nbsp;<\/p>\n\n\n\n<p>Adem\u00e1s, que al interior de las dependencias encargadas de la procuraci\u00f3n de justicia a\u00fan existe un d\u00e9ficit en la atenci\u00f3n a la comunidad ind\u00edgena a quien se exige hablar espa\u00f1ol, saber escribir y leer ya que tienen que realizar toda una serie de tr\u00e1mites burocr\u00e1ticos, la mayor\u00eda de las veces innecesarios.&nbsp;<\/p>\n\n\n\n<p>\u201cLas mujeres ind\u00edgenas han estado haciendo todas estas propuestas para que sus autoridades resuelvan los conflictos con ciertas herramientas, colocando la posibilidad de la jurisdicci\u00f3n ind\u00edgena para hacer justicia de manera r\u00e1pida, econ\u00f3mica y con la pertinencia ling\u00fc\u00edstica y cultural que las mujeres requieren\u201d, refiri\u00f3.&nbsp;<\/p>\n\n\n\n<p>En este octavo episodio de Ola Violeta, Edith Mat\u00edas tambi\u00e9n habl\u00f3 sobre la violencia pol\u00edtica al interior de las comunidades, la utilizaci\u00f3n de la auto adscripci\u00f3n para asumir cargos con representaci\u00f3n ind\u00edgena, del feminismo al interior de los pueblos y muchos otros temas.<\/p>\n\n\n\n<p>\u201cOla Violeta\u201d es un podcast feminista conducido por la periodista Evlin Arag\u00f3n que, en su primera temporada, aborda los principales temas de la agenda feminista en Oaxaca y que se encuentra disponible en Spotify, Deezer, Apple Podcast, Amazon Music y Google Podcast.<\/p>\n\n\n\n<p>Aqu\u00ed los enlaces:<\/p>\n\n\n\n<p>Spotify<\/p>\n\n\n\n<figure class=\"wp-block-embed\"><div class=\"wp-block-embed__wrapper\">\nhttps:\/\/spoti.fi\/3vJDLD0\n<\/div><\/figure>\n\n\n\n<p>Apple Podcasts<\/p>\n\n\n\n<figure class=\"wp-block-embed\"><div class=\"wp-block-embed__wrapper\">\nhttps:\/\/apple.co\/3nsT4w7\n<\/div><\/figure>\n\n\n\n<p>Deezer<\/p>\n\n\n\n<figure class=\"wp-block-embed\"><div class=\"wp-block-embed__wrapper\">\nhttps:\/\/bit.ly\/2ZlWWao\n<\/div><\/figure>\n\n\n\n<p>Google Podcast:<\/p>\n\n\n\n<figure class=\"wp-block-embed\"><div class=\"wp-block-embed__wrapper\">\nhttps:\/\/bit.ly\/3BdU4sI\n<\/div><\/figure>\n\n\n\n<p>Amazon Music<\/p>\n\n\n\n<figure class=\"wp-block-embed\"><div class=\"wp-block-embed__wrapper\">\nhttps:\/\/amzn.to\/2ZldVZI\n<\/div><\/figure>\n","protected":false},"excerpt":{"rendered":"<p>Redacci\u00f3n\/Zona Roja. Oaxaca de Ju\u00e1rez, Oax., 26 de octubre de 2021.- En la actualidad, la&hellip;<\/p>\n","protected":false},"author":2,"featured_media":33568,"comment_status":"closed","ping_status":"open","sticky":false,"template":"","format":"standard","meta":{"_lmt_disableupdate":"","_lmt_disable":"","_jetpack_memberships_contains_paid_content":false,"footnotes":""},"categories":[109,46],"tags":[2548,2514],"class_list":["post-33567","post","type-post","status-publish","format-standard","has-post-thumbnail","hentry","category-minuto-a-minuto","category-zona-blanca","tag-ola-violeta","tag-evlin-aragon"],"jetpack_featured_media_url":"https:\/\/zonaroja.com.mx\/wp-content\/uploads\/2021\/10\/Edith-Matias.jpeg","jetpack_sharing_enabled":true,"_links":{"self":[{"href":"https:\/\/zonaroja.com.mx\/index.php?rest_route=\/wp\/v2\/posts\/33567","targetHints":{"allow":["GET"]}}],"collection":[{"href":"https:\/\/zonaroja.com.mx\/index.php?rest_route=\/wp\/v2\/posts"}],"about":[{"href":"https:\/\/zonaroja.com.mx\/index.php?rest_route=\/wp\/v2\/types\/post"}],"author":[{"embeddable":true,"href":"https:\/\/zonaroja.com.mx\/index.php?rest_route=\/wp\/v2\/users\/2"}],"replies":[{"embeddable":true,"href":"https:\/\/zonaroja.com.mx\/index.php?rest_route=%2Fwp%2Fv2%2Fcomments&post=33567"}],"version-history":[{"count":1,"href":"https:\/\/zonaroja.com.mx\/index.php?rest_route=\/wp\/v2\/posts\/33567\/revisions"}],"predecessor-version":[{"id":33569,"href":"https:\/\/zonaroja.com.mx\/index.php?rest_route=\/wp\/v2\/posts\/33567\/revisions\/33569"}],"wp:featuredmedia":[{"embeddable":true,"href":"https:\/\/zonaroja.com.mx\/index.php?rest_route=\/wp\/v2\/media\/33568"}],"wp:attachment":[{"href":"https:\/\/zonaroja.com.mx\/index.php?rest_route=%2Fwp%2Fv2%2Fmedia&parent=33567"}],"wp:term":[{"taxonomy":"category","embeddable":true,"href":"https:\/\/zonaroja.com.mx\/index.php?rest_route=%2Fwp%2Fv2%2Fcategories&post=33567"},{"taxonomy":"post_tag","embeddable":true,"href":"https:\/\/zonaroja.com.mx\/index.php?rest_route=%2Fwp%2Fv2%2Ftags&post=33567"}],"curies":[{"name":"wp","href":"https:\/\/api.w.org\/{rel}","templated":true}]}}