{"id":3358,"date":"2019-08-24T14:56:19","date_gmt":"2019-08-24T19:56:19","guid":{"rendered":"http:\/\/www.zonaroja.com.mx\/?p=3358"},"modified":"2019-08-24T14:56:21","modified_gmt":"2019-08-24T19:56:21","slug":"en-grave-crisis-sector-de-la-construccion-en-oaxaca-invaden-constructoras-foraneas","status":"publish","type":"post","link":"https:\/\/zonaroja.com.mx\/?p=3358","title":{"rendered":"En grave crisis sector de la construcci\u00f3n en Oaxaca; invaden constructoras for\u00e1neas"},"content":{"rendered":"\n<p>Ismael\nGarc\u00eda M.\/Zona Roja.<\/p>\n\n\n\n<p>Oaxaca de\nJu\u00e1rez, Oax., 24 de agosto de 2019.- El sector de la construcci\u00f3n en Oaxaca atraviesa\npor la peor crisis econ\u00f3mica de su historia, pues en los \u00faltimos dos a\u00f1os, el\nGobierno del Estado no ha invertido en obra p\u00fablica.<\/p>\n\n\n\n<p>Con ello ha\ngenerado que a diario haya cierres de empresas y p\u00e9rdida de empleos, y la poca\nobra p\u00fablica que hay en la entidad, se entrega a empresas constructoras del\nEstado de M\u00e9xico, Puebla, Chiapas y del norte del pa\u00eds.<\/p>\n\n\n\n<p>As\u00ed lo\nestableci\u00f3 el diputado local por el Partido del Trabajo, C\u00e9sar Morales Ni\u00f1o, al\npresentar una iniciativa en conjunto con la C\u00e1mara Mexicana de la Industria de\nla Construcci\u00f3n (CMIC), delegaci\u00f3n Oaxaca, a fin de modificar leyes para\nbeneficiar a las empresas oaxaque\u00f1as.<\/p>\n\n\n\n<p>\u201cEl gran\nargumento para no darles obras es que las empresas constructoras oaxaque\u00f1as no\ntienen capacidad t\u00e9cnica, que no tienen experiencia, que no tienen suficiente\nmaquinaria, no son lo suficientemente fuertes econ\u00f3micamente para enfrentar los\nretos que la obra p\u00fablica impone, adem\u00e1s de ello se les exige fianzas\nirracionales y se les pone obst\u00e1culos infinitos con el claro prop\u00f3sito de\neliminarlos de cualquier aspiraci\u00f3n de ser contratados\u201d, dijo en la exposici\u00f3n\nde motivos.<\/p>\n\n\n\n<p>Por ello,\nplante\u00f3 que una iniciativa mediante la cual se busca reformar el art\u00edculo 28 y\nse adiciona el art\u00edculo 27 BIS y los p\u00e1rrafos tercero y cuarto al art\u00edculo 42\nde la Ley de Obras P\u00fablicas y Servicios relacionados del Estado de Oaxaca.<\/p>\n\n\n\n<p>Con dicha\nreforma se pretende fortalecer la industria de la construcci\u00f3n local y\nprivilegiar a las empresas constructoras oaxaque\u00f1as.<\/p>\n\n\n\n<p>\u201cLa raz\u00f3n\nfundamental es porque es necesario incentivar al sector de la construcci\u00f3n,\nporque las empresas locales pagan sus impuestos aqu\u00ed, porque contratan mano de\nobra del interior del estado, porque sus utilidades y ganancias vuelven a\ninvertirse en nuestra entidad, crean fuentes de empleo y como consecuencia\nmejoran las condiciones de vida de los que se benefician de la obra, y de los\nque en ella participan\u201d, manifest\u00f3.<\/p>\n\n\n\n<p>Indic\u00f3 que\nal modificar las leyes se pretende que en las licitaciones del estado o municipios,\nse d\u00e9 preferencia en igualdad de condiciones a contratistas locales.<\/p>\n\n\n\n<p>Y solamente\nque estos no cuenten con capacidad de respuesta inmediata, as\u00ed como de recursos\nt\u00e9cnicos y financieros, entonces tomar en consideraci\u00f3n a los contratistas\nfor\u00e1neos debidamente inscritos en el padr\u00f3n, igualmente para el caso de la\nadjudicaci\u00f3n directa deben privilegiarse a las empresas locales.<\/p>\n\n\n\n<p>\u201cEsta\nreforma es necesaria porque, se ha convertido en una pr\u00e1ctica reiterada de cada\nsexenio, privilegiar a empresas constructoras for\u00e1neas, con domicilio fiscal en\notras entidades, que no pagan impuestos aqu\u00ed y que traen su propia mano de obra\u201d,\nexpuso.<\/p>\n\n\n\n<p>Hoy que el\nPresidente de la Republica (Andr\u00e9s Manuel L\u00f3pez Obrador) ha decretado que es el\ntiempo del desarrollo del sur, este Congreso debe ser participe y generar el\nmarco jur\u00eddico para que las empresas oaxaque\u00f1as puedan competir y sumarse a\nesta nueva etapa de desarrollo regional\u201d, dijo.<\/p>\n","protected":false},"excerpt":{"rendered":"<p>Ismael Garc\u00eda M.\/Zona Roja. Oaxaca de Ju\u00e1rez, Oax., 24 de agosto de 2019.- El sector&hellip;<\/p>\n","protected":false},"author":2,"featured_media":3359,"comment_status":"closed","ping_status":"open","sticky":false,"template":"","format":"standard","meta":{"_lmt_disableupdate":"","_lmt_disable":"","_jetpack_memberships_contains_paid_content":false,"footnotes":""},"categories":[109,47],"tags":[612],"class_list":["post-3358","post","type-post","status-publish","format-standard","has-post-thumbnail","hentry","category-minuto-a-minuto","category-zona-gris","tag-cesar-morales-nino"],"jetpack_featured_media_url":"https:\/\/zonaroja.com.mx\/wp-content\/uploads\/2019\/08\/CMIC.jpg","jetpack_sharing_enabled":true,"_links":{"self":[{"href":"https:\/\/zonaroja.com.mx\/index.php?rest_route=\/wp\/v2\/posts\/3358","targetHints":{"allow":["GET"]}}],"collection":[{"href":"https:\/\/zonaroja.com.mx\/index.php?rest_route=\/wp\/v2\/posts"}],"about":[{"href":"https:\/\/zonaroja.com.mx\/index.php?rest_route=\/wp\/v2\/types\/post"}],"author":[{"embeddable":true,"href":"https:\/\/zonaroja.com.mx\/index.php?rest_route=\/wp\/v2\/users\/2"}],"replies":[{"embeddable":true,"href":"https:\/\/zonaroja.com.mx\/index.php?rest_route=%2Fwp%2Fv2%2Fcomments&post=3358"}],"version-history":[{"count":1,"href":"https:\/\/zonaroja.com.mx\/index.php?rest_route=\/wp\/v2\/posts\/3358\/revisions"}],"predecessor-version":[{"id":3360,"href":"https:\/\/zonaroja.com.mx\/index.php?rest_route=\/wp\/v2\/posts\/3358\/revisions\/3360"}],"wp:featuredmedia":[{"embeddable":true,"href":"https:\/\/zonaroja.com.mx\/index.php?rest_route=\/wp\/v2\/media\/3359"}],"wp:attachment":[{"href":"https:\/\/zonaroja.com.mx\/index.php?rest_route=%2Fwp%2Fv2%2Fmedia&parent=3358"}],"wp:term":[{"taxonomy":"category","embeddable":true,"href":"https:\/\/zonaroja.com.mx\/index.php?rest_route=%2Fwp%2Fv2%2Fcategories&post=3358"},{"taxonomy":"post_tag","embeddable":true,"href":"https:\/\/zonaroja.com.mx\/index.php?rest_route=%2Fwp%2Fv2%2Ftags&post=3358"}],"curies":[{"name":"wp","href":"https:\/\/api.w.org\/{rel}","templated":true}]}}