{"id":33583,"date":"2021-10-26T10:23:13","date_gmt":"2021-10-26T15:23:13","guid":{"rendered":"http:\/\/www.zonaroja.com.mx\/?p=33583"},"modified":"2021-10-26T10:23:16","modified_gmt":"2021-10-26T15:23:16","slug":"era-profesor-el-asesinado-en-pluma-hidalgo-matan-a-otro-en-pochutla","status":"publish","type":"post","link":"https:\/\/zonaroja.com.mx\/?p=33583","title":{"rendered":"Era profesor el asesinado en Pluma Hidalgo; matan a otro en Pochutla"},"content":{"rendered":"\n<p>Redacci\u00f3n\/Zona Roja.<\/p>\n\n\n\n<p>Oaxaca de Ju\u00e1rez, Oax., 26 de octubre de 2021.- La Secci\u00f3n 22 del SNTE exigi\u00f3 esclarecer el asesinato del profesor Hip\u00f3lito P. G., de 55 a\u00f1os de edad, asesinado el domingo en el municipio de Pluma Hidalgo, en la regi\u00f3n de la Costa.<\/p>\n\n\n\n<p>El docente del nivel secundaria fue atacado a pu\u00f1aladas en su domicilio tras lo cual fue trasladado a un hospital de Santa Cruz Huatulco, donde perdi\u00f3 la vida.<\/p>\n\n\n\n<p>Familiares pidieron que se investigue la identidad de los presuntos responsables mientras que la Secci\u00f3n 22 de la Coordinadora Nacional de Trabajadores de la Educaci\u00f3n (CNTE) repudi\u00f3 el asesinato del profesor.<\/p>\n\n\n\n<p>OTRO EN POCHUTLA<\/p>\n\n\n\n<p>Por otra parte, en una calle de la Cuarta Secci\u00f3n de San Pedro Pochutla, fue asesinado de al menos siete balazos Ulises R. P., conocido como el \u201cG\u00fcero Tangas\u201d,<\/p>\n\n\n\n<p>Los hechos ocurrieron en los primeros minutos de ayer lunes cuando sujetos que se desplazaban en una motocicleta interceptaron a Ulises en la calle principal de la Cuarta Secci\u00f3n y lo atacaron a balazos, por lo cual qued\u00f3 sin vida en el lugar.<\/p>\n\n\n\n<p>De acuerdo con investigaciones, el ahora extinto, Ulises R.P., fue detenido el 8 de agosto del 2015 al ser acusado de delitos contra la salud en su modalidad de narcomenudeo por elementos de la polic\u00eda estatal en c\u00e9ntricas calles de Pochutla cuando se desplazaba en una motocicleta.<\/p>\n","protected":false},"excerpt":{"rendered":"<p>Redacci\u00f3n\/Zona Roja. Oaxaca de Ju\u00e1rez, Oax., 26 de octubre de 2021.- La Secci\u00f3n 22 del&hellip;<\/p>\n","protected":false},"author":2,"featured_media":33584,"comment_status":"closed","ping_status":"open","sticky":false,"template":"","format":"standard","meta":{"_lmt_disableupdate":"","_lmt_disable":"","_jetpack_memberships_contains_paid_content":false,"footnotes":""},"categories":[109,47],"tags":[151],"class_list":["post-33583","post","type-post","status-publish","format-standard","has-post-thumbnail","hentry","category-minuto-a-minuto","category-zona-gris","tag-san-pedro-pochutla"],"jetpack_featured_media_url":"https:\/\/zonaroja.com.mx\/wp-content\/uploads\/2021\/10\/Profesor-asesinado-Costa.jpg","jetpack_sharing_enabled":true,"_links":{"self":[{"href":"https:\/\/zonaroja.com.mx\/index.php?rest_route=\/wp\/v2\/posts\/33583","targetHints":{"allow":["GET"]}}],"collection":[{"href":"https:\/\/zonaroja.com.mx\/index.php?rest_route=\/wp\/v2\/posts"}],"about":[{"href":"https:\/\/zonaroja.com.mx\/index.php?rest_route=\/wp\/v2\/types\/post"}],"author":[{"embeddable":true,"href":"https:\/\/zonaroja.com.mx\/index.php?rest_route=\/wp\/v2\/users\/2"}],"replies":[{"embeddable":true,"href":"https:\/\/zonaroja.com.mx\/index.php?rest_route=%2Fwp%2Fv2%2Fcomments&post=33583"}],"version-history":[{"count":1,"href":"https:\/\/zonaroja.com.mx\/index.php?rest_route=\/wp\/v2\/posts\/33583\/revisions"}],"predecessor-version":[{"id":33585,"href":"https:\/\/zonaroja.com.mx\/index.php?rest_route=\/wp\/v2\/posts\/33583\/revisions\/33585"}],"wp:featuredmedia":[{"embeddable":true,"href":"https:\/\/zonaroja.com.mx\/index.php?rest_route=\/wp\/v2\/media\/33584"}],"wp:attachment":[{"href":"https:\/\/zonaroja.com.mx\/index.php?rest_route=%2Fwp%2Fv2%2Fmedia&parent=33583"}],"wp:term":[{"taxonomy":"category","embeddable":true,"href":"https:\/\/zonaroja.com.mx\/index.php?rest_route=%2Fwp%2Fv2%2Fcategories&post=33583"},{"taxonomy":"post_tag","embeddable":true,"href":"https:\/\/zonaroja.com.mx\/index.php?rest_route=%2Fwp%2Fv2%2Ftags&post=33583"}],"curies":[{"name":"wp","href":"https:\/\/api.w.org\/{rel}","templated":true}]}}