{"id":33586,"date":"2021-10-26T18:59:35","date_gmt":"2021-10-26T23:59:35","guid":{"rendered":"http:\/\/www.zonaroja.com.mx\/?p=33586"},"modified":"2021-10-26T18:59:39","modified_gmt":"2021-10-26T23:59:39","slug":"politicas-erradas-llevan-a-amlo-a-perder-popularidad-ulises-ruiz","status":"publish","type":"post","link":"https:\/\/zonaroja.com.mx\/?p=33586","title":{"rendered":"Pol\u00edticas erradas llevan a AMLO a perder popularidad: Ulises Ruiz"},"content":{"rendered":"\n<p>Evlin Arag\u00f3n\/Zona Roja.<\/p>\n\n\n\n<p>Oaxaca de Ju\u00e1rez, Oax., 26 de octubre de 2021.- \u00abPor el rescate de M\u00e9xico\u00bb, es el libro escrito por el exgobernador de Oaxaca, Ulises Ruiz Ortiz que asegura es muy cr\u00edtico con relaci\u00f3n a los tres primeros a\u00f1os del gobierno de Andr\u00e9s Manuel L\u00f3pez Obrador.<\/p>\n\n\n\n<p>As\u00ed lo dio a conocer este martes ante los medios de comunicaci\u00f3n oaxaque\u00f1os, en donde refiri\u00f3 que el texto no se queda solo en la cr\u00edtica, sino que tambi\u00e9n aborda temas como la seguridad p\u00fablica, la econom\u00eda, la pandemia, la pol\u00edtica de desarrollo social, as\u00ed como el proceso electoral del 2018.&nbsp;<\/p>\n\n\n\n<p>\u201cSe trata de una serie de propuestas que hago para el rescate de M\u00e9xico y que a su vez conforman una ruta hacia el 2024\u201d, dijo.&nbsp;<\/p>\n\n\n\n<p>De acuerdo con el exmandatario estatal, pese a que poco a poco la poblaci\u00f3n est\u00e1 dejando de seguir ciegamente a L\u00f3pez Obrador, debido a la pol\u00edtica equivocada ante la pandemia, la econom\u00eda y la seguridad p\u00fablica, principalmente, la oposici\u00f3n no ha aprovechado para renovarse.&nbsp;<\/p>\n\n\n\n<p>\u201cYo no veo que la oposici\u00f3n se est\u00e9 renovando para enfrentar a L\u00f3pez Obrador y a quien imponga en el 2024\u201d, sentenci\u00f3.<\/p>\n\n\n\n<p>En este sentido indic\u00f3 que de manera personal trat\u00f3 de promover la Asamblea Refundacional donde el PRI pudiera ser una real oposici\u00f3n, con un proyecto de naci\u00f3n que saque a M\u00e9xico del rezago y lo vuelva una potencia mundial, sin embargo, se encontr\u00f3 con la cerraz\u00f3n de quienes se han conformado solo con mantener el registro del partido.\u00a0<\/p>\n\n\n\n<figure class=\"wp-block-embed-twitter wp-block-embed is-type-rich is-provider-twitter\"><div class=\"wp-block-embed__wrapper\">\n<div class=\"twitter-tweet\"><blockquote class=\"twitter-tweet\" data-lang=\"es\"><p lang=\"es\" dir=\"ltr\">2. Durante la conferencia de prensa y presentaci\u00f3n de su libro, el ex gobernador <a href=\"https:\/\/twitter.com\/ulisesruizor?ref_src=twsrc%5Etfw\">@ulisesruizor<\/a> dijo que no tiene diferencias con el magisterio de la Secci\u00f3n 22 y que en 2006 solamente fue con algunos l\u00edderes; incluso, dijo, mantiene relaci\u00f3n con algunos maestros. <a href=\"https:\/\/t.co\/WH4F2NN3Lm\">pic.twitter.com\/WH4F2NN3Lm<\/a><\/p>&mdash; Zona Roja Oaxaca (@Zona_Roja_Oax) <a href=\"https:\/\/twitter.com\/Zona_Roja_Oax\/status\/1453117723370795018?ref_src=twsrc%5Etfw\">26 de octubre de 2021<\/a><\/blockquote><\/div>\n<\/div><\/figure>\n\n\n\n<p>De ah\u00ed que ha iniciado una campa\u00f1a para impulsar las candidaturas ciudadanas como figuras que puedan suplir a la oposici\u00f3n inexistente en los \u00f3rganos pol\u00edticos, tanto a nivel municipal, estatal y federal.&nbsp;<\/p>\n\n\n\n<p>Con relaci\u00f3n a la gubernatura en Oaxaca, misma que se renueva el pr\u00f3ximo a\u00f1o, Ruiz Ortiz se\u00f1al\u00f3 que el PRI sigue siendo un partido fuerte de ah\u00ed que es un fundamental elegir al mejor candidato o candidata para dar la batalla e incluso ganarla, por muy cantada que este para otro \u00f3rgano pol\u00edtico.<\/p>\n\n\n\n<p>Lo anterior dijo ya paso en los grandes bastiones que L\u00f3pez Obrador ten\u00eda en la Ciudad de M\u00e9xico y en donde, recientemente, perdi\u00f3 la elecci\u00f3n federal.<\/p>\n\n\n\n<p>\u201cYo creo que el PRI es un partido que puede competir, para eso hay un priismo y s\u00ed este apoya a su candidato puede ganar. Yo veo muy confrontado a Morena en miras de definir la candidatura y el PRI puede retener y ganar la gubernatura\u201d, dijo.&nbsp;<\/p>\n\n\n\n<p>En este mismo sentido, reafirm\u00f3 la relevancia de la selecci\u00f3n de candidato o candidata que tendr\u00e1 que ser una persona bien posicionada, de ah\u00ed que asegur\u00f3 que una imposici\u00f3n seria lo peor que le podr\u00eda pasar al tricolor en esta contienda, ya que perder\u00eda competitividad.&nbsp;<\/p>\n\n\n\n<p>A\u00fan con la tendencia nacional de que el PRI se al\u00ede con Morena, el exmandatario oaxaque\u00f1o indic\u00f3 que el frente que integra el partido junto con el PAN y el PRD, al cual pueden incluir grupos ciudadanos que no han encontrado eco en la Federaci\u00f3n, le alcanza para no necesitar una alianza con Morena.<\/p>\n\n\n\n<p>Finalmente, y aunque se neg\u00f3 a evaluar la administraci\u00f3n de Alejandro Murat Hinojosa, manifest\u00f3 que el actual mandatario oaxaque\u00f1o podr\u00eda ser candidato presidencial por Morena en el 2024, debido a su actual acercamiento e incluso su labor de vocer\u00eda en torno a la Reforma El\u00e9ctrica.\u00a0<\/p>\n\n\n\n<figure class=\"wp-block-embed-twitter wp-block-embed is-type-rich is-provider-twitter\"><div class=\"wp-block-embed__wrapper\">\n<div class=\"twitter-tweet\"><blockquote class=\"twitter-tweet\" data-lang=\"es\"><p lang=\"es\" dir=\"ltr\"><a href=\"https:\/\/twitter.com\/hashtag\/ENVIVO?src=hash&amp;ref_src=twsrc%5Etfw\">#ENVIVO<\/a><br>Oaxaca de Ju\u00e1rez, Oax., 26 de octubre de 2021.- Presentaci\u00f3n del libro &quot;Por el rescate de M\u00e9xico&quot;, de la autor\u00eda del ex gobernador de <a href=\"https:\/\/twitter.com\/hashtag\/Oaxaca?src=hash&amp;ref_src=twsrc%5Etfw\">#Oaxaca<\/a>, Ulises Ruiz Ortiz (<a href=\"https:\/\/twitter.com\/ulisesruizor?ref_src=twsrc%5Etfw\">@ulisesruizor<\/a>).<br><br>Siga aqu\u00ed la transmisi\u00f3n:<br>\ud83d\udc47<a href=\"https:\/\/t.co\/Ac9o4QrPYR\">https:\/\/t.co\/Ac9o4QrPYR<\/a><\/p>&mdash; Zona Roja Oaxaca (@Zona_Roja_Oax) <a href=\"https:\/\/twitter.com\/Zona_Roja_Oax\/status\/1453045483631415297?ref_src=twsrc%5Etfw\">26 de octubre de 2021<\/a><\/blockquote><\/div>\n<\/div><\/figure>\n","protected":false},"excerpt":{"rendered":"<p>Evlin Arag\u00f3n\/Zona Roja. Oaxaca de Ju\u00e1rez, Oax., 26 de octubre de 2021.- \u00abPor el rescate&hellip;<\/p>\n","protected":false},"author":2,"featured_media":33587,"comment_status":"closed","ping_status":"open","sticky":false,"template":"","format":"standard","meta":{"_lmt_disableupdate":"","_lmt_disable":"","_jetpack_memberships_contains_paid_content":false,"footnotes":""},"categories":[109,47],"tags":[749],"class_list":["post-33586","post","type-post","status-publish","format-standard","has-post-thumbnail","hentry","category-minuto-a-minuto","category-zona-gris","tag-ulises-ruiz-ortiz"],"jetpack_featured_media_url":"https:\/\/zonaroja.com.mx\/wp-content\/uploads\/2021\/10\/Ulises-Ruiz-Ortiz-libro.jpg","jetpack_sharing_enabled":true,"_links":{"self":[{"href":"https:\/\/zonaroja.com.mx\/index.php?rest_route=\/wp\/v2\/posts\/33586","targetHints":{"allow":["GET"]}}],"collection":[{"href":"https:\/\/zonaroja.com.mx\/index.php?rest_route=\/wp\/v2\/posts"}],"about":[{"href":"https:\/\/zonaroja.com.mx\/index.php?rest_route=\/wp\/v2\/types\/post"}],"author":[{"embeddable":true,"href":"https:\/\/zonaroja.com.mx\/index.php?rest_route=\/wp\/v2\/users\/2"}],"replies":[{"embeddable":true,"href":"https:\/\/zonaroja.com.mx\/index.php?rest_route=%2Fwp%2Fv2%2Fcomments&post=33586"}],"version-history":[{"count":1,"href":"https:\/\/zonaroja.com.mx\/index.php?rest_route=\/wp\/v2\/posts\/33586\/revisions"}],"predecessor-version":[{"id":33588,"href":"https:\/\/zonaroja.com.mx\/index.php?rest_route=\/wp\/v2\/posts\/33586\/revisions\/33588"}],"wp:featuredmedia":[{"embeddable":true,"href":"https:\/\/zonaroja.com.mx\/index.php?rest_route=\/wp\/v2\/media\/33587"}],"wp:attachment":[{"href":"https:\/\/zonaroja.com.mx\/index.php?rest_route=%2Fwp%2Fv2%2Fmedia&parent=33586"}],"wp:term":[{"taxonomy":"category","embeddable":true,"href":"https:\/\/zonaroja.com.mx\/index.php?rest_route=%2Fwp%2Fv2%2Fcategories&post=33586"},{"taxonomy":"post_tag","embeddable":true,"href":"https:\/\/zonaroja.com.mx\/index.php?rest_route=%2Fwp%2Fv2%2Ftags&post=33586"}],"curies":[{"name":"wp","href":"https:\/\/api.w.org\/{rel}","templated":true}]}}