{"id":33590,"date":"2021-10-26T19:41:42","date_gmt":"2021-10-27T00:41:42","guid":{"rendered":"http:\/\/www.zonaroja.com.mx\/?p=33590"},"modified":"2021-10-26T19:42:55","modified_gmt":"2021-10-27T00:42:55","slug":"edil-de-zaachila-cometio-otra-vez-violencia-politica-en-razon-de-genero-tribunal","status":"publish","type":"post","link":"https:\/\/zonaroja.com.mx\/?p=33590","title":{"rendered":"Edil de Zaachila cometi\u00f3, otra vez, violencia pol\u00edtica en raz\u00f3n de g\u00e9nero: Tribunal"},"content":{"rendered":"\n<p>Redacci\u00f3n\/Zona Roja.<\/p>\n\n\n\n<p>Oaxaca de Ju\u00e1rez, Oax., a 26 de octubre de 2021.- El Tribunal Electoral del Estado de Oaxaca (TEEO) declar\u00f3 la existencia de violencia pol\u00edtica en raz\u00f3n de g\u00e9nero cometida por el presidente municipal de la Villa de Zaachila, C\u00e1stulo Bret\u00f3n Mendoza, en contra de Carmela Coronel \u00c1ngeles, s\u00edndica municipal de esa localidad.<\/p>\n\n\n\n<p>Mediante el Juicio para la Protecci\u00f3n de los Derechos Pol\u00edtico Electorales del Ciudadano, identificado con la clave JDC\/111\/2021, se\u00f1al\u00f3 que las conductas reclamadas al presidente municipal actualizan los cinco elementos del protocolo para Atender la Violencia Pol\u00edtica contra las Mujeres en raz\u00f3n de g\u00e9nero.<\/p>\n\n\n\n<p>El pleno expuso que la autoridad responsable cometi\u00f3 actos y omisiones que obstaculizaron y afectaron directamente el desempe\u00f1o y ejercicio del cargo para el que fue electa Coronel \u00c1ngeles.<\/p>\n\n\n\n<p>Declar\u00f3 fundados los agravios hechos valer por la actora, tales como: la omisi\u00f3n de convocarla a sesiones de cabildo de conformidad con lo establecido en el art\u00edculo 46 de la Ley Org\u00e1nica Municipal del Estado de Oaxaca.<\/p>\n\n\n\n<p>En este asunto, argument\u00f3 la sentencia, la responsable expuso que no han realizado sesiones de Cabildo conforme lo establece la Ley.<\/p>\n\n\n\n<p>Por otro lado, el \u00f3rgano jurisdiccional consider\u00f3 fundado el agravio consistente en la negativa del presidente municipal, de otorgarle a la actora los recursos materiales consistente en equipo de c\u00f3mputo e impresora.<\/p>\n\n\n\n<p>Reconoci\u00f3 que si bien obra constancia de que las responsables otorgaron a la actora el material solicitado, lo cierto es que ello fue posterior a la instauraci\u00f3n del presente juicio.<\/p>\n\n\n\n<p>En cuanto a la vulneraci\u00f3n a su ejercicio de petici\u00f3n de informaci\u00f3n, denunciado por la s\u00edndica municipal, este fue confirmado, ya que las pruebas aportadas por las autoridades demandadas, resultaron insuficientes para acreditar que lo solicitado por la actora fueron objetos de una respuesta oportuna y completa, por lo tanto, result\u00f3 incuestionable dicha negativa.<\/p>\n\n\n\n<p>En esta sesi\u00f3n, realizada mediante videoconferencia, el Pleno del TEEO declar\u00f3 v\u00e1lida la elecci\u00f3n de las autoridades auxiliares de la Agencia de Polic\u00eda de San Isidro Zautla, llevada a cabo el 30 de mayo de 2021; mediante la sentencia del Juicio para la Protecci\u00f3n de los Derechos Pol\u00edtico Electorales de la Ciudadan\u00eda en el R\u00e9gimen de Sistemas Normativos Internos, identificado con la clave JDCI\/55\/2021.<\/p>\n\n\n\n<p>Por otra parte, el edil surgido del Partido Unidad Popular ha sido se\u00f1alado tambi\u00e9n por ejercer violencia pol\u00edtica en contra de la regidora de Turismo, Carolina Mart\u00ednez.<\/p>\n\n\n\n<p>Mientras que recientemente la Suprema Corte de Justicia de la Naci\u00f3n determin\u00f3 que se debe revocar el mandato de C\u00e1stulo Bret\u00f3n y dem\u00e1s integrantes del Cabildo, por desacatar un laudo en materia laboral.<\/p>\n","protected":false},"excerpt":{"rendered":"<p>Redacci\u00f3n\/Zona Roja. Oaxaca de Ju\u00e1rez, Oax., a 26 de octubre de 2021.- El Tribunal Electoral&hellip;<\/p>\n","protected":false},"author":2,"featured_media":31166,"comment_status":"closed","ping_status":"open","sticky":false,"template":"","format":"standard","meta":{"_lmt_disableupdate":"","_lmt_disable":"","_jetpack_memberships_contains_paid_content":false,"footnotes":""},"categories":[109,47],"tags":[2265],"class_list":["post-33590","post","type-post","status-publish","format-standard","has-post-thumbnail","hentry","category-minuto-a-minuto","category-zona-gris","tag-castulo-breton-mendoza"],"jetpack_featured_media_url":"https:\/\/zonaroja.com.mx\/wp-content\/uploads\/2021\/08\/Castulo-Breton.jpg","jetpack_sharing_enabled":true,"_links":{"self":[{"href":"https:\/\/zonaroja.com.mx\/index.php?rest_route=\/wp\/v2\/posts\/33590","targetHints":{"allow":["GET"]}}],"collection":[{"href":"https:\/\/zonaroja.com.mx\/index.php?rest_route=\/wp\/v2\/posts"}],"about":[{"href":"https:\/\/zonaroja.com.mx\/index.php?rest_route=\/wp\/v2\/types\/post"}],"author":[{"embeddable":true,"href":"https:\/\/zonaroja.com.mx\/index.php?rest_route=\/wp\/v2\/users\/2"}],"replies":[{"embeddable":true,"href":"https:\/\/zonaroja.com.mx\/index.php?rest_route=%2Fwp%2Fv2%2Fcomments&post=33590"}],"version-history":[{"count":2,"href":"https:\/\/zonaroja.com.mx\/index.php?rest_route=\/wp\/v2\/posts\/33590\/revisions"}],"predecessor-version":[{"id":33592,"href":"https:\/\/zonaroja.com.mx\/index.php?rest_route=\/wp\/v2\/posts\/33590\/revisions\/33592"}],"wp:featuredmedia":[{"embeddable":true,"href":"https:\/\/zonaroja.com.mx\/index.php?rest_route=\/wp\/v2\/media\/31166"}],"wp:attachment":[{"href":"https:\/\/zonaroja.com.mx\/index.php?rest_route=%2Fwp%2Fv2%2Fmedia&parent=33590"}],"wp:term":[{"taxonomy":"category","embeddable":true,"href":"https:\/\/zonaroja.com.mx\/index.php?rest_route=%2Fwp%2Fv2%2Fcategories&post=33590"},{"taxonomy":"post_tag","embeddable":true,"href":"https:\/\/zonaroja.com.mx\/index.php?rest_route=%2Fwp%2Fv2%2Ftags&post=33590"}],"curies":[{"name":"wp","href":"https:\/\/api.w.org\/{rel}","templated":true}]}}