{"id":33599,"date":"2021-10-26T21:19:35","date_gmt":"2021-10-27T02:19:35","guid":{"rendered":"http:\/\/www.zonaroja.com.mx\/?p=33599"},"modified":"2021-10-26T21:19:38","modified_gmt":"2021-10-27T02:19:38","slug":"muerto-localizado-hoy-en-atatlahuca-es-uno-de-los-11-desaparecidos","status":"publish","type":"post","link":"https:\/\/zonaroja.com.mx\/?p=33599","title":{"rendered":"Muerto localizado hoy en Atatlahuca es uno de los 11 desaparecidos"},"content":{"rendered":"\n<p>Redacci\u00f3n\/Zona Roja.<\/p>\n\n\n\n<p>Oaxaca de Ju\u00e1rez, Oax., 26 de octubre de 2021.- Como Isidoro Hern\u00e1ndez, de aproximadamente 49 a\u00f1os de edad, fue identificada la persona encontrada muerta la madrugada de hoy en San Esteban Atatlahuca.<\/p>\n\n\n\n<p>Este hallazgo, que corrobor\u00f3 la propia Fiscal\u00eda General del Estado de Oaxaca, desmiente a esa instancia y a autoridades del gobierno estatal, que han insistido en que no hallaron decesos en San Esteban Atatlahuca.<\/p>\n\n\n\n<p>De acuerdo con familiares de las v\u00edctimas y el Centro de Derechos Humanos y Asesor\u00eda a Pueblos Ind\u00edgenas (Cedhapi), el pasado jueves 21 de octubre fueron asesinadas dos personas, un hombre y una mujer.<\/p>\n\n\n\n<p>Mientras que el s\u00e1bado 23 asesinaron a otras cinco personas, entre ellas una mujer calcinada.<\/p>\n\n\n\n<p>Sin embargo, tanto el domingo como el lunes en que lograron incursionar a las agencias, autoridades estatales han desmentido que haya fallecidos.<\/p>\n\n\n\n<p>Fue alrededor de la 01:00 horas de este lunes en que fue localizado el cad\u00e1ver de Miguel Bautista, en inmediaciones del paraje \u201cShinito, de la agencia de Mier y Ter\u00e1n y el cuerpo ser\u00e1 sepultado.<\/p>\n\n\n\n<p>Seg\u00fan el Cedhapi, hay otras 10 personas desaparecidas, que son Feliciano Bautista Sandoval, Austreberto Barrios Hern\u00e1ndez, Raymundo L\u00f3pez Sandoval, Felipe Reyes Velasco, Dominga Garc\u00eda Ria\u00f1o, Donato Bautista Avenda\u00f1o, Martina Sandoval, Marcos Quiroz Ria\u00f1o, y Mayolo Quiroz Barrios, este \u00faltimo que desapareci\u00f3 el 10 de octubre del 2021.<\/p>\n\n\n\n<p>\u201cPor toda esta situaci\u00f3n se solicita la intervenci\u00f3n del Fiscal General del Estado para que env\u00ede una comisi\u00f3n especial para que recabe los testimonios de los familiares de las v\u00edctimas de desaparici\u00f3n forzada\u201d, refiere la asociaci\u00f3n civil que encabeza Maurilio Santiago Reyes.<\/p>\n\n\n\n<p>El Gobierno del Estado no ha emitido este lunes ning\u00fan comunicado de prensa al respecto.<\/p>\n","protected":false},"excerpt":{"rendered":"<p>Redacci\u00f3n\/Zona Roja. Oaxaca de Ju\u00e1rez, Oax., 26 de octubre de 2021.- Como Isidoro Hern\u00e1ndez, de&hellip;<\/p>\n","protected":false},"author":2,"featured_media":33600,"comment_status":"closed","ping_status":"open","sticky":false,"template":"","format":"standard","meta":{"_lmt_disableupdate":"","_lmt_disable":"","_jetpack_memberships_contains_paid_content":false,"footnotes":""},"categories":[47,51],"tags":[1025],"class_list":["post-33599","post","type-post","status-publish","format-standard","has-post-thumbnail","hentry","category-zona-gris","category-zona-roja","tag-san-esteban-atatlahuca"],"jetpack_featured_media_url":"https:\/\/zonaroja.com.mx\/wp-content\/uploads\/2021\/10\/Asesinado-Atatlahuca-Mier-y-Teran.jpg","jetpack_sharing_enabled":true,"_links":{"self":[{"href":"https:\/\/zonaroja.com.mx\/index.php?rest_route=\/wp\/v2\/posts\/33599","targetHints":{"allow":["GET"]}}],"collection":[{"href":"https:\/\/zonaroja.com.mx\/index.php?rest_route=\/wp\/v2\/posts"}],"about":[{"href":"https:\/\/zonaroja.com.mx\/index.php?rest_route=\/wp\/v2\/types\/post"}],"author":[{"embeddable":true,"href":"https:\/\/zonaroja.com.mx\/index.php?rest_route=\/wp\/v2\/users\/2"}],"replies":[{"embeddable":true,"href":"https:\/\/zonaroja.com.mx\/index.php?rest_route=%2Fwp%2Fv2%2Fcomments&post=33599"}],"version-history":[{"count":1,"href":"https:\/\/zonaroja.com.mx\/index.php?rest_route=\/wp\/v2\/posts\/33599\/revisions"}],"predecessor-version":[{"id":33601,"href":"https:\/\/zonaroja.com.mx\/index.php?rest_route=\/wp\/v2\/posts\/33599\/revisions\/33601"}],"wp:featuredmedia":[{"embeddable":true,"href":"https:\/\/zonaroja.com.mx\/index.php?rest_route=\/wp\/v2\/media\/33600"}],"wp:attachment":[{"href":"https:\/\/zonaroja.com.mx\/index.php?rest_route=%2Fwp%2Fv2%2Fmedia&parent=33599"}],"wp:term":[{"taxonomy":"category","embeddable":true,"href":"https:\/\/zonaroja.com.mx\/index.php?rest_route=%2Fwp%2Fv2%2Fcategories&post=33599"},{"taxonomy":"post_tag","embeddable":true,"href":"https:\/\/zonaroja.com.mx\/index.php?rest_route=%2Fwp%2Fv2%2Ftags&post=33599"}],"curies":[{"name":"wp","href":"https:\/\/api.w.org\/{rel}","templated":true}]}}