{"id":33614,"date":"2021-10-27T08:12:49","date_gmt":"2021-10-27T13:12:49","guid":{"rendered":"http:\/\/www.zonaroja.com.mx\/?p=33614"},"modified":"2021-10-27T08:12:52","modified_gmt":"2021-10-27T13:12:52","slug":"denuncian-que-fiscalia-pretende-dar-carpetazo-a-crimen-en-centro-de-rehabilitacion","status":"publish","type":"post","link":"https:\/\/zonaroja.com.mx\/?p=33614","title":{"rendered":"Denuncian que Fiscal\u00eda pretende dar \u201ccarpetazo\u201d a crimen en centro de Rehabilitaci\u00f3n"},"content":{"rendered":"\n<p>Redacci\u00f3n\/Zona Roja.<\/p>\n\n\n\n<p>Oaxaca de Ju\u00e1rez, Oax., 27 de octubre de 2021.- Juan Jos\u00e9 Cruz Ju\u00e1rez busc\u00f3 ayuda en el Centro de Rehabilitaci\u00f3n \u201cObreros de Cristo\u201d, ubicado en riveras del r\u00edo \u201cAtoyac, en la zona conurbada de la ciudad de Oaxaca, pero ah\u00ed solo encontr\u00f3 a sus \u201cverdugos\u201d.<\/p>\n\n\n\n<p>El joven de 23 a\u00f1os de edad y m\u00fasico de profesi\u00f3n, quer\u00eda rehabilitarse de una adicci\u00f3n y busc\u00f3 el auxilio en una instituci\u00f3n junto con sus padres, que esperaban que su hijo saliera con bien.<\/p>\n\n\n\n<p>Sin embargo, apenas hab\u00eda ingresado, dieron inicio los castigos por parte del personal del lugar, pues le propinaban sendas golpizas cuando no quer\u00eda comer.<\/p>\n\n\n\n<p>Las historias en estos centros son las mismas: los derechos de las personas que ingresan parecen ser borradas; aseguran que si los pacientes piden permiso para ir al ba\u00f1o, el papel les es negado; para despertarlos les echan encima agua fr\u00eda e incluso les dan de comer alimentos en descomposici\u00f3n.<\/p>\n\n\n\n<p>El expediente levantado en el Hospital General \u201cDr. Aurelio Valdivieso\u201d el 9 de octubre pasado revela las afectaciones por golpes ocasionados en este centro de rehabilitaci\u00f3n con da\u00f1os graves a los pulmones.<\/p>\n\n\n\n<p>El 13 de octubre el joven tuvo que ingresar al nosocomio por un trauma cerrado de t\u00f3rax contusi\u00f3n pulmonar derecho, pero la mejor\u00eda no lleg\u00f3 y procedieron a trasladarlo al Hospital Regional de Alta Especialidad en San Bartolo Coyotepec.<\/p>\n\n\n\n<p>Ah\u00ed finalmente falleci\u00f3 por falla org\u00e1nica m\u00faltiple ocasionado por las lesiones y por lo cual los responsables del Centro de Rehabilitaci\u00f3n podr\u00edan responder por el delito de homicidio culposo.<\/p>\n\n\n\n<p>La instituci\u00f3n de responsable de procurar justicia, la Fiscal\u00eda General del Estado, ha guardado silencio y pretende que el caso quede impune, por lo cual los padres del joven piden que las autoridades correspondientes act\u00faen conforme a la ley.<\/p>\n\n\n\n<p>En el 2020, al menos tres j\u00f3venes fallecieron en distintos centros de Rehabilitaci\u00f3n en Oaxaca, casos que han quedado impunes.<\/p>\n","protected":false},"excerpt":{"rendered":"<p>Redacci\u00f3n\/Zona Roja. Oaxaca de Ju\u00e1rez, Oax., 27 de octubre de 2021.- Juan Jos\u00e9 Cruz Ju\u00e1rez&hellip;<\/p>\n","protected":false},"author":2,"featured_media":33610,"comment_status":"closed","ping_status":"open","sticky":false,"template":"","format":"standard","meta":{"_lmt_disableupdate":"","_lmt_disable":"","_jetpack_memberships_contains_paid_content":false,"footnotes":""},"categories":[109,47],"tags":[494],"class_list":["post-33614","post","type-post","status-publish","format-standard","has-post-thumbnail","hentry","category-minuto-a-minuto","category-zona-gris","tag-fiscalia-general-del-estado-de-oaxaca"],"jetpack_featured_media_url":"https:\/\/zonaroja.com.mx\/wp-content\/uploads\/2021\/10\/Acta-muerto-centro-de-rehabilitacion.jpg","jetpack_sharing_enabled":true,"_links":{"self":[{"href":"https:\/\/zonaroja.com.mx\/index.php?rest_route=\/wp\/v2\/posts\/33614","targetHints":{"allow":["GET"]}}],"collection":[{"href":"https:\/\/zonaroja.com.mx\/index.php?rest_route=\/wp\/v2\/posts"}],"about":[{"href":"https:\/\/zonaroja.com.mx\/index.php?rest_route=\/wp\/v2\/types\/post"}],"author":[{"embeddable":true,"href":"https:\/\/zonaroja.com.mx\/index.php?rest_route=\/wp\/v2\/users\/2"}],"replies":[{"embeddable":true,"href":"https:\/\/zonaroja.com.mx\/index.php?rest_route=%2Fwp%2Fv2%2Fcomments&post=33614"}],"version-history":[{"count":1,"href":"https:\/\/zonaroja.com.mx\/index.php?rest_route=\/wp\/v2\/posts\/33614\/revisions"}],"predecessor-version":[{"id":33615,"href":"https:\/\/zonaroja.com.mx\/index.php?rest_route=\/wp\/v2\/posts\/33614\/revisions\/33615"}],"wp:featuredmedia":[{"embeddable":true,"href":"https:\/\/zonaroja.com.mx\/index.php?rest_route=\/wp\/v2\/media\/33610"}],"wp:attachment":[{"href":"https:\/\/zonaroja.com.mx\/index.php?rest_route=%2Fwp%2Fv2%2Fmedia&parent=33614"}],"wp:term":[{"taxonomy":"category","embeddable":true,"href":"https:\/\/zonaroja.com.mx\/index.php?rest_route=%2Fwp%2Fv2%2Fcategories&post=33614"},{"taxonomy":"post_tag","embeddable":true,"href":"https:\/\/zonaroja.com.mx\/index.php?rest_route=%2Fwp%2Fv2%2Ftags&post=33614"}],"curies":[{"name":"wp","href":"https:\/\/api.w.org\/{rel}","templated":true}]}}