{"id":33616,"date":"2021-10-27T08:21:45","date_gmt":"2021-10-27T13:21:45","guid":{"rendered":"http:\/\/www.zonaroja.com.mx\/?p=33616"},"modified":"2021-10-27T08:21:48","modified_gmt":"2021-10-27T13:21:48","slug":"invitan-a-registrarse-para-seminario-la-educacion-en-mexico-america-latina-y-el-caribe","status":"publish","type":"post","link":"https:\/\/zonaroja.com.mx\/?p=33616","title":{"rendered":"Invitan a registrarse para seminario \u201cLa Educaci\u00f3n en M\u00e9xico, Am\u00e9rica Latina y el Caribe\u201d"},"content":{"rendered":"\n<p>Redacci\u00f3n\/Zona Roja.<\/p>\n\n\n\n<p>Oaxaca de Ju\u00e1rez, Oax., 27 de octubre de 2021.- El Instituto Estatal de Educaci\u00f3n P\u00fablica de Oaxaca (IEEPO), invita a docentes de los diferentes niveles educativos, profesionistas, acad\u00e9micos, directivos y funcionarios de las dependencias gubernamentales dedicadas a la educaci\u00f3n, as\u00ed como a la sociedad en general, a registrarse para participar en las actividades del Seminario Internacional \u201cLa Educaci\u00f3n en M\u00e9xico, Am\u00e9rica Latina y el Caribe\u201d.<\/p>\n\n\n\n<p>El Director General del IEEPO, Francisco \u00c1ngel Villarreal se\u00f1al\u00f3 que los detalles del programa acad\u00e9mico, datos de los ponentes y las actividades que se realizar\u00e1 en las modalidades presencial y a distancia los d\u00edas 10, 11 y 12 de noviembre pr\u00f3ximo, se encuentran en el micrositio https:\/\/www.oaxaca.gob.mx\/ieepo\/seminariointernacional.<\/p>\n\n\n\n<p>Resalt\u00f3 que este Seminario dar\u00e1 una proyecci\u00f3n internacional a las experiencias de los pa\u00edses latinoamericanos, con los que M\u00e9xico comparte similitudes en su cultura y en el caso de Oaxaca hay estrategias valiosas impulsadas por los propios maestros y maestras, principalmente en el nivel ind\u00edgena.&nbsp; Adem\u00e1s, indic\u00f3 que los temas tratados se integrar\u00e1n en una memoria documental.<\/p>\n\n\n\n<p>De acuerdo con el programa, el d\u00eda 10 de noviembre, a las 11:30 horas, participar\u00e1n como ponentes los doctores Luis Solari, ex primer Ministro de Per\u00fa; Bienvenido Argueta, ex primer ministro de Educaci\u00f3n de Guatemala y Miguel \u00c1ngel Ca\u00f1izales, ex ministro de Educaci\u00f3n de Panam\u00e1.<\/p>\n\n\n\n<p>El mismo d\u00eda, a partir de las 17:00 horas intervendr\u00e1n los doctores Ram\u00f3n Daza, ex ministro de Educaci\u00f3n de Bolivia; Jos\u00e9 \u00c1ngel Pescador, ex secretario de Educaci\u00f3n de M\u00e9xico y Mart\u00edn Zilic; ex ministro de Educaci\u00f3n de Chile.&nbsp;<\/p>\n\n\n\n<p>Asimismo, el 11 de noviembre se tienen programadas las conferencias magistrales a cargo de los doctores Alberto Arene, del Salvador; Tom\u00e1s Milkos, de M\u00e9xico; Germ\u00e1n Escorcia, de Colombia; Carlos Haefner, de Chile, Luis Enrique L\u00f3pez, de Per\u00fa;&nbsp; Pedro Flores Crespo, de M\u00e9xico; Jorge Alberto Solis Quispe, de Per\u00fa; Sixto Moya, de Cuba y&nbsp; Mar\u00eda Fernanda Gualotu\u00f1a Valencia, parlamentaria mundial de la Educaci\u00f3n, de Ecuador.<\/p>\n\n\n\n<p>El \u00faltimo d\u00eda de las actividades del Seminario participar\u00e1n los doctores Carlos Palafox, de Chile; Emilio Tenti, de Argentina; Puka Reyesvilla, de Bolivia; Olga Antonia Orellana Gir\u00f3n, de Guatemala; Carlos Toranzo, de Bolivia y el maestro Manuel Bolom Pale, de M\u00e9xico.<\/p>\n\n\n\n<p>El objetivo del seminario promover un di\u00e1logo, compartir experiencias, conocimientos y perspectivas que contribuyan a la construcci\u00f3n de un marco integral de comprensi\u00f3n del estado que hoy guarda la educaci\u00f3n y en particular la educaci\u00f3n ind\u00edgena, as\u00ed como el futuro de la educaci\u00f3n en Latinoam\u00e9rica.<\/p>\n\n\n\n<p>La sede presencial con cupo limitado ser\u00e1 el Centro Cultural y de Convenciones de Oaxaca y a distancia por medio de la cuenta de Facebook del IEEPO. Para el registro, las y los interesados pueden escanear el c\u00f3digo QR que se encuentra en el micrositio https:\/\/www.oaxaca.gob.mx\/ieepo\/seminariointernacional.<\/p>\n","protected":false},"excerpt":{"rendered":"<p>Redacci\u00f3n\/Zona Roja. Oaxaca de Ju\u00e1rez, Oax., 27 de octubre de 2021.- El Instituto Estatal de&hellip;<\/p>\n","protected":false},"author":2,"featured_media":33366,"comment_status":"closed","ping_status":"open","sticky":false,"template":"","format":"standard","meta":{"_lmt_disableupdate":"","_lmt_disable":"","_jetpack_memberships_contains_paid_content":false,"footnotes":""},"categories":[109,46],"tags":[2837],"class_list":["post-33616","post","type-post","status-publish","format-standard","has-post-thumbnail","hentry","category-minuto-a-minuto","category-zona-blanca","tag-instituto-estatal-de-educacion-publica-de-oaxaca-ieepo"],"jetpack_featured_media_url":"https:\/\/zonaroja.com.mx\/wp-content\/uploads\/2021\/10\/Francisco-Angel-Villarreal.jpg","jetpack_sharing_enabled":true,"_links":{"self":[{"href":"https:\/\/zonaroja.com.mx\/index.php?rest_route=\/wp\/v2\/posts\/33616","targetHints":{"allow":["GET"]}}],"collection":[{"href":"https:\/\/zonaroja.com.mx\/index.php?rest_route=\/wp\/v2\/posts"}],"about":[{"href":"https:\/\/zonaroja.com.mx\/index.php?rest_route=\/wp\/v2\/types\/post"}],"author":[{"embeddable":true,"href":"https:\/\/zonaroja.com.mx\/index.php?rest_route=\/wp\/v2\/users\/2"}],"replies":[{"embeddable":true,"href":"https:\/\/zonaroja.com.mx\/index.php?rest_route=%2Fwp%2Fv2%2Fcomments&post=33616"}],"version-history":[{"count":1,"href":"https:\/\/zonaroja.com.mx\/index.php?rest_route=\/wp\/v2\/posts\/33616\/revisions"}],"predecessor-version":[{"id":33617,"href":"https:\/\/zonaroja.com.mx\/index.php?rest_route=\/wp\/v2\/posts\/33616\/revisions\/33617"}],"wp:featuredmedia":[{"embeddable":true,"href":"https:\/\/zonaroja.com.mx\/index.php?rest_route=\/wp\/v2\/media\/33366"}],"wp:attachment":[{"href":"https:\/\/zonaroja.com.mx\/index.php?rest_route=%2Fwp%2Fv2%2Fmedia&parent=33616"}],"wp:term":[{"taxonomy":"category","embeddable":true,"href":"https:\/\/zonaroja.com.mx\/index.php?rest_route=%2Fwp%2Fv2%2Fcategories&post=33616"},{"taxonomy":"post_tag","embeddable":true,"href":"https:\/\/zonaroja.com.mx\/index.php?rest_route=%2Fwp%2Fv2%2Ftags&post=33616"}],"curies":[{"name":"wp","href":"https:\/\/api.w.org\/{rel}","templated":true}]}}