{"id":3362,"date":"2019-08-24T20:32:23","date_gmt":"2019-08-25T01:32:23","guid":{"rendered":"http:\/\/www.zonaroja.com.mx\/?p=3362"},"modified":"2019-08-24T20:32:26","modified_gmt":"2019-08-25T01:32:26","slug":"el-sabado-tambien-hay-homicidios-en-la-entidad-oaxaquena","status":"publish","type":"post","link":"https:\/\/zonaroja.com.mx\/?p=3362","title":{"rendered":"El s\u00e1bado tambi\u00e9n hay homicidios en la entidad oaxaque\u00f1a"},"content":{"rendered":"\n<p>Redacci\u00f3n\/Zona Roja. <\/p>\n\n\n\n<p>Oaxaca de Ju\u00e1rez, Oax., 24 de agosto de 2019.- Una persona\nejecutada a balazos en la regi\u00f3n de la Cuenca y un cuerpo en estado de\nputrefacci\u00f3n en el Istmo de Tehuantepec, es el saldo de violencia en la entidad\noaxaque\u00f1a este s\u00e1bado.<\/p>\n\n\n\n<p>La tarde de hoy en un domicilio del municipio de Mat\u00edas\nRomero Avenda\u00f1o fue localizado un cad\u00e1ver en avanzado estado de descomposici\u00f3n;\nde acuerdo con los primeros reportes, se tratar\u00eda de un joven que en vida se\nllam\u00f3 Alexis y que estaba reportado como desaparecido.<\/p>\n\n\n\n<p>La v\u00edctima ten\u00eda su domicilio en la colonia L\u00e1zaro C\u00e1rdenas\nde dicho municipio y hasta el momento se desconocen las causas del deceso.<\/p>\n\n\n\n<p>Por otra parte, en el transcurso de la tarde, un taxista fue\nejecutado en el centro del municipio de San Felipe Jalapa de D\u00edaz, en la regi\u00f3n\nde la Cuenca.<\/p>\n\n\n\n<p>El cuerpo fue hallado en el callej\u00f3n Olimpia, cerca del\npalacio municipal, sin que los polic\u00edas municipales se percataran de ello; de\nmanera preliminar se inform\u00f3 que se trata de un sujeto conocido como \u201cEl J\u00edcaro\u201d.\n<\/p>\n","protected":false},"excerpt":{"rendered":"<p>Redacci\u00f3n\/Zona Roja. Oaxaca de Ju\u00e1rez, Oax., 24 de agosto de 2019.- Una persona ejecutada a&hellip;<\/p>\n","protected":false},"author":2,"featured_media":3363,"comment_status":"closed","ping_status":"open","sticky":false,"template":"","format":"standard","meta":{"_lmt_disableupdate":"","_lmt_disable":"","_jetpack_memberships_contains_paid_content":false,"footnotes":""},"categories":[109,51],"tags":[],"class_list":["post-3362","post","type-post","status-publish","format-standard","has-post-thumbnail","hentry","category-minuto-a-minuto","category-zona-roja"],"jetpack_featured_media_url":"https:\/\/zonaroja.com.mx\/wp-content\/uploads\/2019\/08\/Homicidio-2.jpg","jetpack_sharing_enabled":true,"_links":{"self":[{"href":"https:\/\/zonaroja.com.mx\/index.php?rest_route=\/wp\/v2\/posts\/3362","targetHints":{"allow":["GET"]}}],"collection":[{"href":"https:\/\/zonaroja.com.mx\/index.php?rest_route=\/wp\/v2\/posts"}],"about":[{"href":"https:\/\/zonaroja.com.mx\/index.php?rest_route=\/wp\/v2\/types\/post"}],"author":[{"embeddable":true,"href":"https:\/\/zonaroja.com.mx\/index.php?rest_route=\/wp\/v2\/users\/2"}],"replies":[{"embeddable":true,"href":"https:\/\/zonaroja.com.mx\/index.php?rest_route=%2Fwp%2Fv2%2Fcomments&post=3362"}],"version-history":[{"count":1,"href":"https:\/\/zonaroja.com.mx\/index.php?rest_route=\/wp\/v2\/posts\/3362\/revisions"}],"predecessor-version":[{"id":3364,"href":"https:\/\/zonaroja.com.mx\/index.php?rest_route=\/wp\/v2\/posts\/3362\/revisions\/3364"}],"wp:featuredmedia":[{"embeddable":true,"href":"https:\/\/zonaroja.com.mx\/index.php?rest_route=\/wp\/v2\/media\/3363"}],"wp:attachment":[{"href":"https:\/\/zonaroja.com.mx\/index.php?rest_route=%2Fwp%2Fv2%2Fmedia&parent=3362"}],"wp:term":[{"taxonomy":"category","embeddable":true,"href":"https:\/\/zonaroja.com.mx\/index.php?rest_route=%2Fwp%2Fv2%2Fcategories&post=3362"},{"taxonomy":"post_tag","embeddable":true,"href":"https:\/\/zonaroja.com.mx\/index.php?rest_route=%2Fwp%2Fv2%2Ftags&post=3362"}],"curies":[{"name":"wp","href":"https:\/\/api.w.org\/{rel}","templated":true}]}}