{"id":33628,"date":"2021-10-27T14:22:57","date_gmt":"2021-10-27T19:22:57","guid":{"rendered":"http:\/\/www.zonaroja.com.mx\/?p=33628"},"modified":"2021-10-27T14:23:00","modified_gmt":"2021-10-27T19:23:00","slug":"secretaria-de-las-mujeres-insensible-le-protestan-en-restaurante","status":"publish","type":"post","link":"https:\/\/zonaroja.com.mx\/?p=33628","title":{"rendered":"Secretaria de las Mujeres, insensible; le protestan en restaurante"},"content":{"rendered":"\n<p>Evlin Arag\u00f3n\/Zona Roja.<\/p>\n\n\n\n<p>Oaxaca de Ju\u00e1rez, Oax., 27 de octubre de 2021.- Activistas que se manifestaron este fin de semana para exigir la aparici\u00f3n con vida de Zayra Leticia Morales Noyola, denunciaron la insensibilidad por parte de las autoridades del gobierno de Oaxaca con el caso, de manera particular de la titular de la Secretar\u00eda de la Mujeres, Ana V\u00e1squez Colmenares.&nbsp;<\/p>\n\n\n\n<p>Y es que las mujeres dieron a conocer que la funcionaria ni se inmut\u00f3 con la protesta improvisada que hicieron a las afueras del restaurante \u201cCatedral\u201d, en la calle de Garc\u00eda Vigil con Morelos, centro de la capital, donde \u00e9sta se encontraba reunida, el pasado s\u00e1bado, y por el contrario, fue enviado el personal del establecimiento para retirarlas.<\/p>\n\n\n\n<p>De acuerdo con el testimonio, fue despu\u00e9s de la protesta que realizaron en la explanada de Santo Domingo de Guzm\u00e1n que se percataron de la presencia de la secretaria al interior del establecimiento, por lo que decidieron extender su lona y utilizar el altavoz para enunciar unas consignas.&nbsp;<\/p>\n\n\n\n<p>\u201cExigimos justicia para Zayra. A un a\u00f1o de su desaparici\u00f3n seguimos exigiendo justicia y presentaci\u00f3n con vida para Zayra\u201d se puede escuchar en un video compartido por las activistas.<\/p>\n\n\n\n<p>Acto seguido, el personal del restaurante sali\u00f3 para confrontar a las mujeres a quienes les gritaron \u201cp\u00f3nganse a trabajar\u201d. Posteriormente cerraron el acceso desde donde aseguran pod\u00edan observar a la funcionaria encargada de la pol\u00edtica p\u00fablica a favor de las oaxaque\u00f1as, quien advirtieron no se conmovi\u00f3 con la protesta.&nbsp;<\/p>\n\n\n\n<p>La falta de sensibilidad de las autoridades ha sido una constante, particularmente para las familias de v\u00edctimas de feminicidios y desaparici\u00f3n forzada, quienes no han encontrado eco a sus demandas desde las instituciones y han sido cobijadas por organizaciones de la sociedad civil.&nbsp;<\/p>\n\n\n\n<p>Incluso en reiteradas ocasiones han pedido a la titular de la SMO que se pronuncie contra la violencia feminicida en nuestro estado y que brinden atenci\u00f3n a las mujeres que sufren violencia de una forma real e imparcial.&nbsp;<\/p>\n\n\n\n<p>Fue el pasado 23 de octubre que Zayra Leticia cumpli\u00f3 un a\u00f1o de desaparecida, raz\u00f3n por la que familiares y amistades llevaron a cabo una manifestaci\u00f3n para se\u00f1alar la incompetencia de las autoridades para ejercer sus pr\u00e1cticas de b\u00fasqueda, a fin de obtener datos claros de su paradero.<\/p>\n\n\n\n<p>Ah\u00ed manifestaron que ha sido la familia de la joven, con los pocos recursos con los que cuentan, la que ha formado brigadas de b\u00fasqueda en su comunidad y lugares aleda\u00f1os a la misma, tratando de encontrar alguna pista para su localizaci\u00f3n.<\/p>\n\n\n\n<p>As\u00ed mismo, indicaron que no se trata de un caso aislado toda vez que se suma a las 763 mujeres desaparecidas entre 2020 y 2021. Cifra que incrementa a mil 446 desaparecidas durante lo que va del sexenio de Alejandro Murat, de las cuales 140 casos corresponden a la regi\u00f3n de la mixteca de donde es originaria Zayra.<\/p>\n\n\n\n<p>\u201cSabemos que el acceso a la justicia no es una realidad para todas las personas, Sabemos que el emprender procesos de denuncia es una tortura cuando las y los familiares se enfrentan a toda la burocracia, la corrupci\u00f3n, la indiferencia, la misoginia, la discriminaci\u00f3n, la revictimizaci\u00f3n, que ejercen las y los servidores p\u00fablicos\u201d, refirieron como parte de su comunicado.&nbsp;<\/p>\n\n\n\n<p>De igual forma exigieron al fiscal general del estado de Oaxaca, Arturo Peimbert Calvo, que entregue de forma veraz y expedita los resultados de las investigaciones y que inicie los protocolos de actuaci\u00f3n y b\u00fasqueda de todas las mujeres, adolescentes y ni\u00f1as desaparecidas en nuestro estado.<\/p>\n\n\n\n<p>Finalmente, pidieron al gobernador Alejandro Murat Hinojosa dejar de simular acciones en materia de atenci\u00f3n, sanci\u00f3n, prevenci\u00f3n y erradicaci\u00f3n de la violencia de g\u00e9nero y violencia feminicida en nuestro estado.&nbsp;<\/p>\n","protected":false},"excerpt":{"rendered":"<p>Evlin Arag\u00f3n\/Zona Roja. Oaxaca de Ju\u00e1rez, Oax., 27 de octubre de 2021.- Activistas que se&hellip;<\/p>\n","protected":false},"author":2,"featured_media":33629,"comment_status":"closed","ping_status":"open","sticky":false,"template":"","format":"standard","meta":{"_lmt_disableupdate":"","_lmt_disable":"","_jetpack_memberships_contains_paid_content":false,"footnotes":""},"categories":[109,47],"tags":[2146],"class_list":["post-33628","post","type-post","status-publish","format-standard","has-post-thumbnail","hentry","category-minuto-a-minuto","category-zona-gris","tag-zayra-leticia-morales-loyola"],"jetpack_featured_media_url":"https:\/\/zonaroja.com.mx\/wp-content\/uploads\/2021\/10\/Ana-Vasquez-y-desaparicion-Zayra.jpg","jetpack_sharing_enabled":true,"_links":{"self":[{"href":"https:\/\/zonaroja.com.mx\/index.php?rest_route=\/wp\/v2\/posts\/33628","targetHints":{"allow":["GET"]}}],"collection":[{"href":"https:\/\/zonaroja.com.mx\/index.php?rest_route=\/wp\/v2\/posts"}],"about":[{"href":"https:\/\/zonaroja.com.mx\/index.php?rest_route=\/wp\/v2\/types\/post"}],"author":[{"embeddable":true,"href":"https:\/\/zonaroja.com.mx\/index.php?rest_route=\/wp\/v2\/users\/2"}],"replies":[{"embeddable":true,"href":"https:\/\/zonaroja.com.mx\/index.php?rest_route=%2Fwp%2Fv2%2Fcomments&post=33628"}],"version-history":[{"count":1,"href":"https:\/\/zonaroja.com.mx\/index.php?rest_route=\/wp\/v2\/posts\/33628\/revisions"}],"predecessor-version":[{"id":33630,"href":"https:\/\/zonaroja.com.mx\/index.php?rest_route=\/wp\/v2\/posts\/33628\/revisions\/33630"}],"wp:featuredmedia":[{"embeddable":true,"href":"https:\/\/zonaroja.com.mx\/index.php?rest_route=\/wp\/v2\/media\/33629"}],"wp:attachment":[{"href":"https:\/\/zonaroja.com.mx\/index.php?rest_route=%2Fwp%2Fv2%2Fmedia&parent=33628"}],"wp:term":[{"taxonomy":"category","embeddable":true,"href":"https:\/\/zonaroja.com.mx\/index.php?rest_route=%2Fwp%2Fv2%2Fcategories&post=33628"},{"taxonomy":"post_tag","embeddable":true,"href":"https:\/\/zonaroja.com.mx\/index.php?rest_route=%2Fwp%2Fv2%2Ftags&post=33628"}],"curies":[{"name":"wp","href":"https:\/\/api.w.org\/{rel}","templated":true}]}}