{"id":33631,"date":"2021-10-27T15:35:03","date_gmt":"2021-10-27T20:35:03","guid":{"rendered":"http:\/\/www.zonaroja.com.mx\/?p=33631"},"modified":"2021-10-27T15:35:06","modified_gmt":"2021-10-27T20:35:06","slug":"asesinan-a-cinco-personas-en-oaxaca-cuatro-de-ellas-en-la-mixteca","status":"publish","type":"post","link":"https:\/\/zonaroja.com.mx\/?p=33631","title":{"rendered":"Asesinan a cinco personas en Oaxaca, cuatro de ellas en la Mixteca"},"content":{"rendered":"\n<p>Redacci\u00f3n\/Zona Roja. Foto: Ecos del Pac\u00edfico<\/p>\n\n\n\n<p>Oaxaca de Ju\u00e1rez, Oax., 27 de octubre de 2021.- Cinco personas han sido asesinadas por disparo de arma de fuego en las \u00faltimas 24 horas, en las regiones Costa y Mixteca del estado de Oaxaca.<\/p>\n\n\n\n<p>Esta tarde en Puerto Escondido, agencia de San Pedro Mixtepec, un individuo fue atacado a balazos en la calle Abasolo, entronque con la carretera federal 131.<\/p>\n\n\n\n<p>Param\u00e9dicos le brindaron los primeros auxilios y lo trasladaron un hospital, donde perdi\u00f3 la vida; fue identificado de manera preliminar con las iniciales S. P. R., de 27 a\u00f1os de edad.<\/p>\n\n\n\n<p>Por otra parte, la Vicefiscal\u00eda Regional de la Mixteca confirm\u00f3 el asesinato de cuatro personas, todos ellos familiares, en el municipio San Mateo Nej\u00e1pam, distrito de Silacayo\u00e1pam.<\/p>\n\n\n\n<p>Las ahora v\u00edctimas se encontraban en una fiesta en la comunidad de San Mateo, cuando arrib\u00f3 un comando y los secuestr\u00f3; horas m\u00e1s tarde los cuerpos fueron encontrados en el camino que conduce a la agencia de Santo Domingo.<\/p>\n","protected":false},"excerpt":{"rendered":"<p>Redacci\u00f3n\/Zona Roja. Foto: Ecos del Pac\u00edfico Oaxaca de Ju\u00e1rez, Oax., 27 de octubre de 2021.-&hellip;<\/p>\n","protected":false},"author":2,"featured_media":33632,"comment_status":"closed","ping_status":"open","sticky":false,"template":"","format":"standard","meta":{"_lmt_disableupdate":"","_lmt_disable":"","_jetpack_memberships_contains_paid_content":false,"footnotes":""},"categories":[109,51],"tags":[590,2930],"class_list":["post-33631","post","type-post","status-publish","format-standard","has-post-thumbnail","hentry","category-minuto-a-minuto","category-zona-roja","tag-puerto-escondido","tag-san-mateo-nejapam"],"jetpack_featured_media_url":"https:\/\/zonaroja.com.mx\/wp-content\/uploads\/2021\/10\/Asesinato-Puerto-Escondido.jpg","jetpack_sharing_enabled":true,"_links":{"self":[{"href":"https:\/\/zonaroja.com.mx\/index.php?rest_route=\/wp\/v2\/posts\/33631","targetHints":{"allow":["GET"]}}],"collection":[{"href":"https:\/\/zonaroja.com.mx\/index.php?rest_route=\/wp\/v2\/posts"}],"about":[{"href":"https:\/\/zonaroja.com.mx\/index.php?rest_route=\/wp\/v2\/types\/post"}],"author":[{"embeddable":true,"href":"https:\/\/zonaroja.com.mx\/index.php?rest_route=\/wp\/v2\/users\/2"}],"replies":[{"embeddable":true,"href":"https:\/\/zonaroja.com.mx\/index.php?rest_route=%2Fwp%2Fv2%2Fcomments&post=33631"}],"version-history":[{"count":1,"href":"https:\/\/zonaroja.com.mx\/index.php?rest_route=\/wp\/v2\/posts\/33631\/revisions"}],"predecessor-version":[{"id":33633,"href":"https:\/\/zonaroja.com.mx\/index.php?rest_route=\/wp\/v2\/posts\/33631\/revisions\/33633"}],"wp:featuredmedia":[{"embeddable":true,"href":"https:\/\/zonaroja.com.mx\/index.php?rest_route=\/wp\/v2\/media\/33632"}],"wp:attachment":[{"href":"https:\/\/zonaroja.com.mx\/index.php?rest_route=%2Fwp%2Fv2%2Fmedia&parent=33631"}],"wp:term":[{"taxonomy":"category","embeddable":true,"href":"https:\/\/zonaroja.com.mx\/index.php?rest_route=%2Fwp%2Fv2%2Fcategories&post=33631"},{"taxonomy":"post_tag","embeddable":true,"href":"https:\/\/zonaroja.com.mx\/index.php?rest_route=%2Fwp%2Fv2%2Ftags&post=33631"}],"curies":[{"name":"wp","href":"https:\/\/api.w.org\/{rel}","templated":true}]}}