{"id":33640,"date":"2021-10-27T20:35:30","date_gmt":"2021-10-28T01:35:30","guid":{"rendered":"http:\/\/www.zonaroja.com.mx\/?p=33640"},"modified":"2021-10-27T20:35:34","modified_gmt":"2021-10-28T01:35:34","slug":"viculan-a-proceso-a-el-lalo-probable-responsable-del-crimen-del-ex-edil-de-ejutla","status":"publish","type":"post","link":"https:\/\/zonaroja.com.mx\/?p=33640","title":{"rendered":"Viculan a proceso a \u201cEl Lalo\u201d, probable responsable del crimen del ex edil de Ejutla"},"content":{"rendered":"\n<p>Redacci\u00f3n\/Zona Roja.<\/p>\n\n\n\n<p>Oaxaca de Ju\u00e1rez, Oax., 27 de octubre de 2021.- El Juez de Control del Poder Judicial de Oaxaca vincul\u00f3 a proceso a Eduardo R.V., alias \u201cEl Lalo\u201d, como probable responsable del crimen del ex presidente municipal de Ejutla de crespo, Leonardo D\u00edaz Cruz, y con ello suman cuatro personas que est\u00e1n en prisi\u00f3n.<\/p>\n\n\n\n<p>Fue reaprehendido el jueves de la semana pasada al salir de la prisi\u00f3n ubicada en Mengol\u00ed de Morelos, Miahuatl\u00e1n, donde estuvo preso por la portaci\u00f3n de un fusil de asalto AK-47 del calibre 7.62, conocido como \u201cCuerno de Chivo\u201d, y por el cual fue condenado a tres a\u00f1os con dos meses de prisi\u00f3n.<\/p>\n\n\n\n<p>Su arresto fue el 27 de agosto cuando hubo un cateo en Ejutla de Crespo y se le decomis\u00f3 el fusil de asalto, en tanto a su acompa\u00f1ante una pistola calibre 45 y por lo cual fue condenado a la pena de dos a\u00f1os de prisi\u00f3n.<\/p>\n\n\n\n<p>De acuerdo con la carpeta de investigaci\u00f3n 12088\/FDAI\/UEIH\/2021 iniciada por la Fiscal\u00eda General del Estado, el 13 de abril de 2021, aproximadamente a las 14:30 horas, la v\u00edctima fue privada de la vida por disparos de arma de fuego cuando se encontraba en el estacionamiento de un establecimiento comercial ubicado en la avenida S\u00edmbolos Patrios, Tercera Secci\u00f3n de San Antonio de la Cal.<\/p>\n\n\n\n<p>Los sicarios ya hab\u00edan planeado la ejecuci\u00f3n y para ello utilizaron un arma larga AR-15, del calibre .223, realizando diez disparos y uno le dio en la cabeza a su v\u00edctima.<\/p>\n\n\n\n<p>Los otros presuntos responsables fueron detenidos el 23 de abril en inmediaciones de la ex Hacienda de Candiani en Santa Cruz Xoxocotl\u00e1n, al llevar droga en su poder.<\/p>\n\n\n\n<p>Ra\u00fal Ram\u00f3n, Patricio, Eduardo y Aldair, fueron llevados ante el juez y quedaron en libertad al vencer el t\u00e9rmino constitucional y al salir de prisi\u00f3n les ejecutaron la orden de aprehensi\u00f3n en la causa penal 424\/2021 por el delito de homicidio de Leonardo D\u00edaz, padre de la actual dirigente estatal del PAN.<\/p>\n","protected":false},"excerpt":{"rendered":"<p>Redacci\u00f3n\/Zona Roja. Oaxaca de Ju\u00e1rez, Oax., 27 de octubre de 2021.- El Juez de Control&hellip;<\/p>\n","protected":false},"author":2,"featured_media":33608,"comment_status":"closed","ping_status":"open","sticky":false,"template":"","format":"standard","meta":{"_lmt_disableupdate":"","_lmt_disable":"","_jetpack_memberships_contains_paid_content":false,"footnotes":""},"categories":[109,47],"tags":[2602],"class_list":["post-33640","post","type-post","status-publish","format-standard","has-post-thumbnail","hentry","category-minuto-a-minuto","category-zona-gris","tag-leonardo-diaz-cruz"],"jetpack_featured_media_url":"https:\/\/zonaroja.com.mx\/wp-content\/uploads\/2021\/10\/Detenido-caso-asesinato-ex-edil-Ejutla.jpg","jetpack_sharing_enabled":true,"_links":{"self":[{"href":"https:\/\/zonaroja.com.mx\/index.php?rest_route=\/wp\/v2\/posts\/33640","targetHints":{"allow":["GET"]}}],"collection":[{"href":"https:\/\/zonaroja.com.mx\/index.php?rest_route=\/wp\/v2\/posts"}],"about":[{"href":"https:\/\/zonaroja.com.mx\/index.php?rest_route=\/wp\/v2\/types\/post"}],"author":[{"embeddable":true,"href":"https:\/\/zonaroja.com.mx\/index.php?rest_route=\/wp\/v2\/users\/2"}],"replies":[{"embeddable":true,"href":"https:\/\/zonaroja.com.mx\/index.php?rest_route=%2Fwp%2Fv2%2Fcomments&post=33640"}],"version-history":[{"count":1,"href":"https:\/\/zonaroja.com.mx\/index.php?rest_route=\/wp\/v2\/posts\/33640\/revisions"}],"predecessor-version":[{"id":33641,"href":"https:\/\/zonaroja.com.mx\/index.php?rest_route=\/wp\/v2\/posts\/33640\/revisions\/33641"}],"wp:featuredmedia":[{"embeddable":true,"href":"https:\/\/zonaroja.com.mx\/index.php?rest_route=\/wp\/v2\/media\/33608"}],"wp:attachment":[{"href":"https:\/\/zonaroja.com.mx\/index.php?rest_route=%2Fwp%2Fv2%2Fmedia&parent=33640"}],"wp:term":[{"taxonomy":"category","embeddable":true,"href":"https:\/\/zonaroja.com.mx\/index.php?rest_route=%2Fwp%2Fv2%2Fcategories&post=33640"},{"taxonomy":"post_tag","embeddable":true,"href":"https:\/\/zonaroja.com.mx\/index.php?rest_route=%2Fwp%2Fv2%2Ftags&post=33640"}],"curies":[{"name":"wp","href":"https:\/\/api.w.org\/{rel}","templated":true}]}}