{"id":3365,"date":"2019-08-24T21:07:36","date_gmt":"2019-08-25T02:07:36","guid":{"rendered":"http:\/\/www.zonaroja.com.mx\/?p=3365"},"modified":"2019-08-24T21:07:39","modified_gmt":"2019-08-25T02:07:39","slug":"rememoran-autonomia-otorgada-a-la-universidad-de-oaxaca","status":"publish","type":"post","link":"https:\/\/zonaroja.com.mx\/?p=3365","title":{"rendered":"Rememoran autonom\u00eda otorgada a la Universidad de Oaxaca"},"content":{"rendered":"\n<p>Ismael Garc\u00eda M.\/Zona Roja.<\/p>\n\n\n\n<p>Oaxaca de Ju\u00e1rez, Oax., 24 de agosto de 2019.- \u201cY si sigo\nhablando, voy a llorar, mejor le paro\u201d, brome\u00f3 don Agust\u00edn M\u00e1rquez Uribe.<\/p>\n\n\n\n<p>Las memorias de las antiguas luchas universitarias, los\nmovimientos estudiantiles en Oaxaca y la \u00e9poca de gloria de la Universidad\nAut\u00f3noma \u201cBenito Ju\u00e1rez\u201d de Oaxaca, fueron refrescadas en el Paraninfo de la\nFacultad de Derecho.<\/p>\n\n\n\n<p>Este s\u00e1bado se conmemor\u00f3 el 48 aniversario en que a la\ninstituci\u00f3n le fue otorgada la autonom\u00eda por parte del Congreso del Estado.<\/p>\n\n\n\n<p>\u201cCuando termin\u00f3 aquella marcha, quer\u00edmos entrar por la puerta principal de esta gloriosa instituci\u00f3n, pero nos dijeron que en la puerta estaba un grupo de muchachos dispuestos a causar alg\u00fan problema.<\/p>\n\n\n\n<figure class=\"wp-block-image\"><img decoding=\"async\" width=\"1024\" height=\"724\" src=\"http:\/\/www.zonaroja.com.mx\/wp-content\/uploads\/2019\/08\/IMG_1283-1024x724.jpg\" alt=\"\" class=\"wp-image-3367\" srcset=\"https:\/\/zonaroja.com.mx\/wp-content\/uploads\/2019\/08\/IMG_1283-1024x724.jpg 1024w, https:\/\/zonaroja.com.mx\/wp-content\/uploads\/2019\/08\/IMG_1283-300x212.jpg 300w, https:\/\/zonaroja.com.mx\/wp-content\/uploads\/2019\/08\/IMG_1283-768x543.jpg 768w, https:\/\/zonaroja.com.mx\/wp-content\/uploads\/2019\/08\/IMG_1283-1170x828.jpg 1170w, https:\/\/zonaroja.com.mx\/wp-content\/uploads\/2019\/08\/IMG_1283-585x414.jpg 585w, https:\/\/zonaroja.com.mx\/wp-content\/uploads\/2019\/08\/IMG_1283.jpg 1681w\" sizes=\"(max-width: 1024px) 100vw, 1024px\" \/><\/figure>\n\n\n\n<p>\u201cEntonces los que \u00e9ramos la autoridad universitaria, lo que\nera la presencia del Consejo Universitario, dimos la vuelta por Morelos y\nentramos. Y los j\u00f3venes que desfilaban y los maestros con sus pancartas, al\nentrar al gimnasio las depositaban. <\/p>\n\n\n\n<p>\u201cAlguien se me acerc\u00f3 y me dijo, \u00bfqu\u00e9 puedo pronunciar mi\ndiscurso? La respuesta m\u00eda, en la actualidad qui\u00e9n sabe si valiera, le dije:\naqu\u00ed el \u00fanico que habla es el rector de la universidad, si no se hubiera roto todo\nlo extraordinario que dentro del orden hab\u00eda, aqu\u00ed hay gente que se acuerda, pero\nmejor no le sigo, porque si no voy a llorar\u201d, platic\u00f3 el ex rector M\u00e1rquez\nUribe.<\/p>\n\n\n\n<p>Las haza\u00f1as estudiantiles de la \u00e9poca y los procesos para\nque la Universidad \u201cBenito Ju\u00e1rez\u201d, antes Instituto de Ciencias y Artes del\nEstado, fueron narrados tambi\u00e9n por Rafael Arag\u00f3n Kuri y Ra\u00fal Castellanos\nHern\u00e1ndez, entonces estudiantes.<\/p>\n\n\n\n<p>El maestro Rub\u00e9n Vasconcelos Beltr\u00e1n &#8211;primer rector tras la\nautonom\u00eda&#8211;, \u201cjug\u00f3 el papel m\u00e1s relevante en la interlocuci\u00f3n con el Estado,\npara poder convocar en el 71 a elecciones para reactivar la Federaci\u00f3n\nEstudiantil Oaxaque\u00f1a\u201d, narr\u00f3 Castellanos Hern\u00e1ndez.<\/p>\n\n\n\n<p>El rector de la UABJO, Eduardo Bautista Mart\u00ednez, presidi\u00f3 el acto, con la presencia de ex autoridades y sus familiares:<\/p>\n\n\n\n<figure class=\"wp-block-embed-twitter wp-block-embed is-type-rich is-provider-twitter\"><div class=\"wp-block-embed__wrapper\">\n<div class=\"twitter-tweet\"><blockquote class=\"twitter-tweet\" data-lang=\"es\"><p lang=\"es\" dir=\"ltr\">La conmemoraci\u00f3n de la autonom\u00eda de la <a href=\"https:\/\/twitter.com\/UABJO?ref_src=twsrc%5Etfw\">@UABJO<\/a>, un aliciente y una oportunidad para redoblar esfuerzos a favor de la comunidad universitaria, afirm\u00f3 el rector <a href=\"https:\/\/twitter.com\/Bautistaeduardo?ref_src=twsrc%5Etfw\">@Bautistaeduardo<\/a> durante la ceremonia efectuada hoy en el Paraninfo de la Facultad de Derecho y Ciencias Sociales. <a href=\"https:\/\/t.co\/sEuvfil0eq\">pic.twitter.com\/sEuvfil0eq<\/a><\/p>&mdash; Zona Roja Oaxaca (@MexRoja) <a href=\"https:\/\/twitter.com\/MexRoja\/status\/1165285621054808064?ref_src=twsrc%5Etfw\">24 de agosto de 2019<\/a><\/blockquote><\/div>\n<\/div><\/figure>\n\n\n\n<p>\u201cRevisar el pasado, hacer memoria de quienes hicieron la\nuniversidad que somos, de las mujeres, de los hombres, resulta importante en\nellos, para pensar en ellos y en sus circunstancias.<\/p>\n\n\n\n<p>\u201cConsideramos que quienes han hecho su historia han\nidentificado el contexto, han abrevado de las corrientes de la \u00e9poca a escala\nglobal, pero tambi\u00e9n han construido, sabedores del momento hist\u00f3rico que cada\nuno ha vivido\u201d, dijo en su mensaje.<\/p>\n\n\n\n<p>El acto culmin\u00f3 con la entrega de reconocimientos a quienes\nformaron parte de esa lucha y gestiones para lograr la autonom\u00eda de la UABJO,\notorgada el 24 de agosto de 1971.<\/p>\n","protected":false},"excerpt":{"rendered":"<p>Ismael Garc\u00eda M.\/Zona Roja. Oaxaca de Ju\u00e1rez, Oax., 24 de agosto de 2019.- \u201cY si&hellip;<\/p>\n","protected":false},"author":2,"featured_media":3366,"comment_status":"closed","ping_status":"open","sticky":false,"template":"","format":"standard","meta":{"_lmt_disableupdate":"","_lmt_disable":"","_jetpack_memberships_contains_paid_content":false,"footnotes":""},"categories":[109,46],"tags":[360,282],"class_list":["post-3365","post","type-post","status-publish","format-standard","has-post-thumbnail","hentry","category-minuto-a-minuto","category-zona-blanca","tag-rector-eduardo-bautista-martinez","tag-universidad-autonoma-benito-juarez-de-oaxaca"],"jetpack_featured_media_url":"https:\/\/zonaroja.com.mx\/wp-content\/uploads\/2019\/08\/IMG_1324.jpg","jetpack_sharing_enabled":true,"_links":{"self":[{"href":"https:\/\/zonaroja.com.mx\/index.php?rest_route=\/wp\/v2\/posts\/3365","targetHints":{"allow":["GET"]}}],"collection":[{"href":"https:\/\/zonaroja.com.mx\/index.php?rest_route=\/wp\/v2\/posts"}],"about":[{"href":"https:\/\/zonaroja.com.mx\/index.php?rest_route=\/wp\/v2\/types\/post"}],"author":[{"embeddable":true,"href":"https:\/\/zonaroja.com.mx\/index.php?rest_route=\/wp\/v2\/users\/2"}],"replies":[{"embeddable":true,"href":"https:\/\/zonaroja.com.mx\/index.php?rest_route=%2Fwp%2Fv2%2Fcomments&post=3365"}],"version-history":[{"count":1,"href":"https:\/\/zonaroja.com.mx\/index.php?rest_route=\/wp\/v2\/posts\/3365\/revisions"}],"predecessor-version":[{"id":3368,"href":"https:\/\/zonaroja.com.mx\/index.php?rest_route=\/wp\/v2\/posts\/3365\/revisions\/3368"}],"wp:featuredmedia":[{"embeddable":true,"href":"https:\/\/zonaroja.com.mx\/index.php?rest_route=\/wp\/v2\/media\/3366"}],"wp:attachment":[{"href":"https:\/\/zonaroja.com.mx\/index.php?rest_route=%2Fwp%2Fv2%2Fmedia&parent=3365"}],"wp:term":[{"taxonomy":"category","embeddable":true,"href":"https:\/\/zonaroja.com.mx\/index.php?rest_route=%2Fwp%2Fv2%2Fcategories&post=3365"},{"taxonomy":"post_tag","embeddable":true,"href":"https:\/\/zonaroja.com.mx\/index.php?rest_route=%2Fwp%2Fv2%2Ftags&post=3365"}],"curies":[{"name":"wp","href":"https:\/\/api.w.org\/{rel}","templated":true}]}}