{"id":33652,"date":"2021-10-28T08:10:02","date_gmt":"2021-10-28T13:10:02","guid":{"rendered":"http:\/\/www.zonaroja.com.mx\/?p=33652"},"modified":"2021-10-28T08:10:06","modified_gmt":"2021-10-28T13:10:06","slug":"otro-feminicidio-en-oaxaca-ahora-en-tlahuitoltepec-muere-mujer-accidente","status":"publish","type":"post","link":"https:\/\/zonaroja.com.mx\/?p=33652","title":{"rendered":"Otro feminicidio en Oaxaca, ahora en Tlahuitoltepec; muere mujer accidente"},"content":{"rendered":"\n<p>Ismael Garc\u00eda M.\/Zona Roja.<\/p>\n\n\n\n<p>Oaxaca de Ju\u00e1rez, Oax., 28 de octubre de 2021.- Fuentes de la Fiscal\u00eda General del Estado de Oaxaca confirmaron el feminicidio registrado en Santa Mar\u00eda Tlahuitoltepec Mixe.<\/p>\n\n\n\n<p>De acuerdo con los datos, fue el pasado domingo 24 de octubre en que en la localidad de Guadalupe Victoria fue localizado sin vida el cuerpo de una mujer identificada de manera preliminar como Marina M. G., de 42 a\u00f1os de edad.<\/p>\n\n\n\n<p>De manera preliminar se inform\u00f3 se hab\u00eda quitado la vida en el interior de su vivienda; sin embargo, peritos de la Fiscal\u00eda corroboraron que ten\u00eda cercenado el cuello, con arma blanca. Hasta el momento no hay personas detenidas.<\/p>\n\n\n\n<figure class=\"wp-block-embed-twitter wp-block-embed is-type-rich is-provider-twitter\"><div class=\"wp-block-embed__wrapper\">\n<div class=\"twitter-tweet\"><blockquote class=\"twitter-tweet\" data-lang=\"es\"><p lang=\"es\" dir=\"ltr\"><a href=\"https:\/\/twitter.com\/hashtag\/%C3%9AltimoMinuto?src=hash&amp;ref_src=twsrc%5Etfw\">#\u00daltimoMinuto<\/a> <br>Una mujer cae de la explanada de la estatua de don Benito Ju\u00e1rez, en el cerro del \u201cFort\u00edn\u201d, ciudad de <a href=\"https:\/\/twitter.com\/hashtag\/Oaxaca?src=hash&amp;ref_src=twsrc%5Etfw\">#Oaxaca<\/a>, a la carretera.<br>Param\u00e9dicos confirman que ya falleci\u00f3.<br>Se desconoce a\u00fan razones por las cuales cay\u00f3. <br>Presuntamente inger\u00eda bebidas alcoh\u00f3licas con otros. <a href=\"https:\/\/t.co\/lVzN6gsRQo\">pic.twitter.com\/lVzN6gsRQo<\/a><\/p>&mdash; Zona Roja Oaxaca (@Zona_Roja_Oax) <a href=\"https:\/\/twitter.com\/Zona_Roja_Oax\/status\/1453581042238038016?ref_src=twsrc%5Etfw\">28 de octubre de 2021<\/a><\/blockquote><\/div>\n<\/div><\/figure>\n\n\n\n<p>Por otra parte, minutos despu\u00e9s de las 23:00 horas de ayer, una joven de 23 a\u00f1os de edad perdi\u00f3 la vida al caer de la barda de la explanada a del monumento a don Benito Ju\u00e1rez hacia la carretera, en el cerro del \u201cFort\u00edn\u201d de la ciudad de Oaxaca.<\/p>\n\n\n\n<p>Param\u00e9dicos de la Cruz Roja Mexicana y del Heroico Cuerpo de Bomberos arribaron al lugar y atendieron a la v\u00edctima, que portaba un mall\u00f3n rojo, blusa blanca y tenis, pero corroboraron que ya no ten\u00eda signos vitales.<\/p>\n\n\n\n<p>En la zona se hallaron envases de cerveza, por lo que se presume que inger\u00eda bebidas embriagantes junto con otras personas; hasta el momento la joven no ha sido identificada.<\/p>\n","protected":false},"excerpt":{"rendered":"<p>Ismael Garc\u00eda M.\/Zona Roja. Oaxaca de Ju\u00e1rez, Oax., 28 de octubre de 2021.- Fuentes de&hellip;<\/p>\n","protected":false},"author":2,"featured_media":33653,"comment_status":"closed","ping_status":"open","sticky":false,"template":"","format":"standard","meta":{"_lmt_disableupdate":"","_lmt_disable":"","_jetpack_memberships_contains_paid_content":false,"footnotes":""},"categories":[109,51],"tags":[1027],"class_list":["post-33652","post","type-post","status-publish","format-standard","has-post-thumbnail","hentry","category-minuto-a-minuto","category-zona-roja","tag-santa-maria-tlahuitoltepec-mixe"],"jetpack_featured_media_url":"https:\/\/zonaroja.com.mx\/wp-content\/uploads\/2021\/10\/Mujer-muere-carretera-cerro-Fortin.jpg","jetpack_sharing_enabled":true,"_links":{"self":[{"href":"https:\/\/zonaroja.com.mx\/index.php?rest_route=\/wp\/v2\/posts\/33652","targetHints":{"allow":["GET"]}}],"collection":[{"href":"https:\/\/zonaroja.com.mx\/index.php?rest_route=\/wp\/v2\/posts"}],"about":[{"href":"https:\/\/zonaroja.com.mx\/index.php?rest_route=\/wp\/v2\/types\/post"}],"author":[{"embeddable":true,"href":"https:\/\/zonaroja.com.mx\/index.php?rest_route=\/wp\/v2\/users\/2"}],"replies":[{"embeddable":true,"href":"https:\/\/zonaroja.com.mx\/index.php?rest_route=%2Fwp%2Fv2%2Fcomments&post=33652"}],"version-history":[{"count":1,"href":"https:\/\/zonaroja.com.mx\/index.php?rest_route=\/wp\/v2\/posts\/33652\/revisions"}],"predecessor-version":[{"id":33654,"href":"https:\/\/zonaroja.com.mx\/index.php?rest_route=\/wp\/v2\/posts\/33652\/revisions\/33654"}],"wp:featuredmedia":[{"embeddable":true,"href":"https:\/\/zonaroja.com.mx\/index.php?rest_route=\/wp\/v2\/media\/33653"}],"wp:attachment":[{"href":"https:\/\/zonaroja.com.mx\/index.php?rest_route=%2Fwp%2Fv2%2Fmedia&parent=33652"}],"wp:term":[{"taxonomy":"category","embeddable":true,"href":"https:\/\/zonaroja.com.mx\/index.php?rest_route=%2Fwp%2Fv2%2Fcategories&post=33652"},{"taxonomy":"post_tag","embeddable":true,"href":"https:\/\/zonaroja.com.mx\/index.php?rest_route=%2Fwp%2Fv2%2Ftags&post=33652"}],"curies":[{"name":"wp","href":"https:\/\/api.w.org\/{rel}","templated":true}]}}