{"id":33655,"date":"2021-10-28T08:14:01","date_gmt":"2021-10-28T13:14:01","guid":{"rendered":"http:\/\/www.zonaroja.com.mx\/?p=33655"},"modified":"2021-10-28T08:14:05","modified_gmt":"2021-10-28T13:14:05","slug":"inauguran-ieepo-y-conafe-ciclo-operativo-del-programa-de-educacion-inicial","status":"publish","type":"post","link":"https:\/\/zonaroja.com.mx\/?p=33655","title":{"rendered":"Inauguran IEEPO y Conafe ciclo operativo del programa de Educaci\u00f3n Inicial"},"content":{"rendered":"\n<p>Redacci\u00f3n\/Zona Roja.<\/p>\n\n\n\n<p>Oaxaca de Ju\u00e1rez, Oax., 28 de octubre de 2021.- En las acciones que favorezcan las pr\u00e1cticas de crianza, as\u00ed como el desarrollo integral de las y los menores de edad, el director general del Instituto Estatal de Educaci\u00f3n P\u00fablica de Oaxaca (IEEPO), Francisco \u00c1ngel Villarreal, en coordinaci\u00f3n el Consejo Nacional de Fomento Educativo (Conafe), inaugur\u00f3 el ciclo operativo y de proyectos comunitarios en Educaci\u00f3n Inicial 2021-2022.<\/p>\n\n\n\n<p>A trav\u00e9s de esta estrategia, en un periodo de nueve meses, se atender\u00e1n con diferentes acciones a 22 mil 654 ni\u00f1os de cero a cuatro a\u00f1os de edad, as\u00ed como a madres y padres de familia y cuidadores de mil 572 localidades de alta y muy alta marginaci\u00f3n, en 369 municipios del estado.&nbsp;<\/p>\n\n\n\n<p>En el evento realizado en la ciudad de San Juan Bautista Tuxtepec, donde le acompa\u00f1\u00f3 el presidente municipal, No\u00e9 Ram\u00edrez Ch\u00e1vez, el Director General del IEEPO resalt\u00f3 la importancia de fortalecer la atenci\u00f3n de las y los ni\u00f1os en sus primeros a\u00f1os de vida con la participaci\u00f3n de la familia y la comunidad, con la finalidad de lograr su desarrollo integral y saludable, al ser esta etapa fundamental para el sano crecimiento de los infantes.<\/p>\n\n\n\n<p>Mencion\u00f3 que este programa es una de las fortalezas del Instituto ya que toca una fibra sensible de la sociedad. Adem\u00e1s, reconoci\u00f3 la labor del Conafe para atender a este sector a trav\u00e9s del modelo de educaci\u00f3n inicial y brindar orientaci\u00f3n a madres y padres de familia.<\/p>\n\n\n\n<figure class=\"wp-block-embed-twitter wp-block-embed is-type-rich is-provider-twitter\"><div class=\"wp-block-embed__wrapper\">\n<div class=\"twitter-tweet\"><blockquote class=\"twitter-tweet\" data-lang=\"es\"><p lang=\"es\" dir=\"ltr\">En el inicio del ciclo operativo y de proyectos comunitarios en Educaci\u00f3n Inicial 2021-2022, en Tuxtepec, el DG del IEEPO <a href=\"https:\/\/twitter.com\/VillarrealPaco?ref_src=twsrc%5Etfw\">@VillarrealPaco<\/a> refrend\u00f3 su compromiso con el desarrollo integral de las familias y en conjunto con el <a href=\"https:\/\/twitter.com\/ConafeOaxaca?ref_src=twsrc%5Etfw\">@ConafeOaxaca<\/a> fortalecer la educaci\u00f3n de los infantes. <a href=\"https:\/\/t.co\/VF1viuKo2V\">pic.twitter.com\/VF1viuKo2V<\/a><\/p>&mdash; IEEPO (@IEEPOGobOax) <a href=\"https:\/\/twitter.com\/IEEPOGobOax\/status\/1453502365013786625?ref_src=twsrc%5Etfw\">27 de octubre de 2021<\/a><\/blockquote><\/div>\n<\/div><\/figure>\n\n\n\n<p>En el evento, la coordinadora acad\u00e9mica estatal de Educaci\u00f3n Inicial, Laura Alicia Ram\u00f3n Tronco, indic\u00f3 que la infancia es la edad m\u00e1s importante y la de mayor atenci\u00f3n que debe tener la sociedad, por lo cual mediante este programa se trabaja directamente con las familias. Mencion\u00f3 que tan solo en Tuxtepec se atienden a dos mil 651 padres y madres, dos mil 709 ni\u00f1os y ni\u00f1as y 96 mujeres embarazadas.<\/p>\n\n\n\n<p>Como parte del evento, el Director General del IEEPO realiz\u00f3 un recorrido, amenizado por la Orquesta Filarm\u00f3nica de la casa de Cultura Maestro \u201cV\u00edctor Bravo Ahuja\u201d, por stands para apreciar los trabajos realizados durante las sesiones con padres de familia, as\u00ed como del proyecto Comunitario de Desarrollo Social deshidratadores de fruta.<\/p>\n\n\n\n<p>En su primer d\u00eda de gira de trabajo por Tuxtepec, Francisco \u00c1ngel Villarreal estuvo tambi\u00e9n en la agencia San Jos\u00e9 R\u00edo Manso, municipio de San Juan Lalana, donde acompa\u00f1ado de presidentes y agentes municipales, comisariados y directores de escuelas de la Cuenca, entreg\u00f3 mobiliario y equipo a 43 planteles en beneficio de 2,699 estudiantes.<\/p>\n\n\n\n<p>Cabe se\u00f1alar que el ciclo operativo de Educaci\u00f3n Inicial, que hace casi 50 a\u00f1os fue implementado en el pa\u00eds y 26 a\u00f1os en la entidad, consiste en sesiones dirigidas a madres, padres, cuidadores y embarazadas para favorecer sus competencias relacionadas con las pr\u00e1cticas de crianza que promuevan el desarrollo de las y los ni\u00f1os menores de cuatro a\u00f1os de edad en los aspectos cognitivo, afectivo y social.<\/p>\n","protected":false},"excerpt":{"rendered":"<p>Redacci\u00f3n\/Zona Roja. Oaxaca de Ju\u00e1rez, Oax., 28 de octubre de 2021.- En las acciones que&hellip;<\/p>\n","protected":false},"author":2,"featured_media":33656,"comment_status":"closed","ping_status":"open","sticky":false,"template":"","format":"standard","meta":{"_lmt_disableupdate":"","_lmt_disable":"","_jetpack_memberships_contains_paid_content":false,"footnotes":""},"categories":[109,46],"tags":[2837],"class_list":["post-33655","post","type-post","status-publish","format-standard","has-post-thumbnail","hentry","category-minuto-a-minuto","category-zona-blanca","tag-instituto-estatal-de-educacion-publica-de-oaxaca-ieepo"],"jetpack_featured_media_url":"https:\/\/zonaroja.com.mx\/wp-content\/uploads\/2021\/10\/02-IEEPO-1-1.jpg","jetpack_sharing_enabled":true,"_links":{"self":[{"href":"https:\/\/zonaroja.com.mx\/index.php?rest_route=\/wp\/v2\/posts\/33655","targetHints":{"allow":["GET"]}}],"collection":[{"href":"https:\/\/zonaroja.com.mx\/index.php?rest_route=\/wp\/v2\/posts"}],"about":[{"href":"https:\/\/zonaroja.com.mx\/index.php?rest_route=\/wp\/v2\/types\/post"}],"author":[{"embeddable":true,"href":"https:\/\/zonaroja.com.mx\/index.php?rest_route=\/wp\/v2\/users\/2"}],"replies":[{"embeddable":true,"href":"https:\/\/zonaroja.com.mx\/index.php?rest_route=%2Fwp%2Fv2%2Fcomments&post=33655"}],"version-history":[{"count":1,"href":"https:\/\/zonaroja.com.mx\/index.php?rest_route=\/wp\/v2\/posts\/33655\/revisions"}],"predecessor-version":[{"id":33657,"href":"https:\/\/zonaroja.com.mx\/index.php?rest_route=\/wp\/v2\/posts\/33655\/revisions\/33657"}],"wp:featuredmedia":[{"embeddable":true,"href":"https:\/\/zonaroja.com.mx\/index.php?rest_route=\/wp\/v2\/media\/33656"}],"wp:attachment":[{"href":"https:\/\/zonaroja.com.mx\/index.php?rest_route=%2Fwp%2Fv2%2Fmedia&parent=33655"}],"wp:term":[{"taxonomy":"category","embeddable":true,"href":"https:\/\/zonaroja.com.mx\/index.php?rest_route=%2Fwp%2Fv2%2Fcategories&post=33655"},{"taxonomy":"post_tag","embeddable":true,"href":"https:\/\/zonaroja.com.mx\/index.php?rest_route=%2Fwp%2Fv2%2Ftags&post=33655"}],"curies":[{"name":"wp","href":"https:\/\/api.w.org\/{rel}","templated":true}]}}