{"id":33662,"date":"2021-10-28T12:40:33","date_gmt":"2021-10-28T17:40:33","guid":{"rendered":"https:\/\/www.zonaroja.com.mx\/?p=33662"},"modified":"2021-10-28T15:19:47","modified_gmt":"2021-10-28T20:19:47","slug":"33662","status":"publish","type":"post","link":"https:\/\/zonaroja.com.mx\/?p=33662","title":{"rendered":"Por negligencia de Secretar\u00eda de Bienestar, marcha S-22 para exigir \u00fatiles y uniformes"},"content":{"rendered":"\n<p><\/p>\n\n\n\n<p>Ismael Garc\u00eda M.\/Zona Roja.<\/p>\n\n\n\n<p>Oaxaca de Ju\u00e1rez, Oax., 28 de octubre de 2021.- Por negligencia de la Secretar\u00eda de Bienestar (Sebien) del gobierno de Oaxaca, una representaci\u00f3n de la Secci\u00f3n 22 del Sindicato Nacional de Trabajadores de la Educaci\u00f3n, march\u00f3&nbsp;este jueves.<\/p>\n\n\n\n<p>La movilizaci\u00f3n inici\u00f3 en la fuente de las Ocho Regiones y concluy\u00f3 en  z\u00f3calo; fue convocada por la representaci\u00f3n del sector Valles Centrales del magisterio.<\/p>\n\n\n\n<p>De acuerdo con la denuncia de los mentores, encabezados por el vocero Wilbert Santiago Valdivieso, hasta el momento la dependencia que preside Rub\u00e9n Vasconcelos M\u00e9ndez no les han entregado los vales para uniformes y \u00fatiles escolares, tanto del ciclo escolar anterior como del actual.<\/p>\n\n\n\n<p><div class=\"twitter-tweet\"><blockquote class=\"twitter-tweet\" data-lang=\"es\"><p lang=\"es\" dir=\"ltr\"><a href=\"https:\/\/twitter.com\/hashtag\/%C3%9AltimoMinuto?src=hash&amp;ref_src=twsrc%5Etfw\">#\u00daltimoMinuto<\/a> <br>Una representaci\u00f3n del sector Valles Centrales de la Secci\u00f3n 22 del SNTE, marcha en la capital oaxaque\u00f1a, para denunciar que la Secretar\u00eda de Bienestar (<a href=\"https:\/\/twitter.com\/SEBIEN_GobOax?ref_src=twsrc%5Etfw\">@SEBIEN_GobOax<\/a>), a cargo de <a href=\"https:\/\/twitter.com\/RVasconcelosM?ref_src=twsrc%5Etfw\">@RVasconcelosM<\/a>, no ha entregado uniformes y \u00fatiles de dos ciclos escolares. <a href=\"https:\/\/t.co\/SzNu4KWYKS\">pic.twitter.com\/SzNu4KWYKS<\/a><\/p>&mdash; Zona Roja Oaxaca (@Zona_Roja_Oax) <a href=\"https:\/\/twitter.com\/Zona_Roja_Oax\/status\/1453758467295125508?ref_src=twsrc%5Etfw\">28 de octubre de 2021<\/a><\/blockquote><\/div><\/p>\n\n\n\n<p>Indic\u00f3 que son aproximadamente mil millones de pesos que se debieron destinar en los dos \u00faltimos a\u00f1os a vales para uniformes y \u00fatiles escolares, pero hasta el momento no hay ese beneficio para los escolares del nivel de educaci\u00f3n b\u00e1sica. <\/p>\n\n\n\n<p>Por su parte, el Comit\u00e9 Ejecutivo Seccional emiti\u00f3 un comunicado en que se atribuy\u00f3 el logro de la dotaci\u00f3n de uniformes y \u00fatiles escolares para los estudiantes de educaci\u00f3n b\u00e1sica.<\/p>\n\n\n\n<p>\u201cEn d\u00edas recientes los responsables del programa de dotaci\u00f3n de \u00fatiles, uniformes y vales escolares \u2018Vamos juntos a la escuela\u2019, llevaron a cabo una reuni\u00f3n informativa con directivos de las escuelas, donde informaron que la entrega de vales corresponde al ciclo escolar 2021-2022, lo cual es incorrecto, ya que este beneficio corresponde al ciclo escolar 2020-2021\u201d, dijo en un comunicado.<\/p>\n\n\n\n<p>Por lo anterior, a\u00f1adi\u00f3, se ha realizado la interlocuci\u00f3n con las instancias de gobierno para exigir que se cumpla con la entrega de estos beneficios del ciclo escolar pasado, \u201csin condicionamientos, por ser un asunto de responsabilidad directa del Gobierno del Estado a trav\u00e9s de la Secretar\u00eda de Bienestar estatal\u201d.<\/p>\n","protected":false},"excerpt":{"rendered":"<p>Ismael Garc\u00eda M.\/Zona Roja. Oaxaca de Ju\u00e1rez, Oax., 28 de octubre de 2021.- Por negligencia&hellip;<\/p>\n","protected":false},"author":2,"featured_media":33661,"comment_status":"closed","ping_status":"open","sticky":false,"template":"","format":"standard","meta":{"_lmt_disableupdate":"","_lmt_disable":"","_jetpack_memberships_contains_paid_content":false,"footnotes":""},"categories":[109,47],"tags":[],"class_list":["post-33662","post","type-post","status-publish","format-standard","has-post-thumbnail","hentry","category-minuto-a-minuto","category-zona-gris"],"jetpack_featured_media_url":"https:\/\/zonaroja.com.mx\/wp-content\/uploads\/2021\/10\/b3a1eb78-2cc4-4b49-b9d5-ee3ef0955bcb.jpg","jetpack_sharing_enabled":true,"_links":{"self":[{"href":"https:\/\/zonaroja.com.mx\/index.php?rest_route=\/wp\/v2\/posts\/33662","targetHints":{"allow":["GET"]}}],"collection":[{"href":"https:\/\/zonaroja.com.mx\/index.php?rest_route=\/wp\/v2\/posts"}],"about":[{"href":"https:\/\/zonaroja.com.mx\/index.php?rest_route=\/wp\/v2\/types\/post"}],"author":[{"embeddable":true,"href":"https:\/\/zonaroja.com.mx\/index.php?rest_route=\/wp\/v2\/users\/2"}],"replies":[{"embeddable":true,"href":"https:\/\/zonaroja.com.mx\/index.php?rest_route=%2Fwp%2Fv2%2Fcomments&post=33662"}],"version-history":[{"count":2,"href":"https:\/\/zonaroja.com.mx\/index.php?rest_route=\/wp\/v2\/posts\/33662\/revisions"}],"predecessor-version":[{"id":33664,"href":"https:\/\/zonaroja.com.mx\/index.php?rest_route=\/wp\/v2\/posts\/33662\/revisions\/33664"}],"wp:featuredmedia":[{"embeddable":true,"href":"https:\/\/zonaroja.com.mx\/index.php?rest_route=\/wp\/v2\/media\/33661"}],"wp:attachment":[{"href":"https:\/\/zonaroja.com.mx\/index.php?rest_route=%2Fwp%2Fv2%2Fmedia&parent=33662"}],"wp:term":[{"taxonomy":"category","embeddable":true,"href":"https:\/\/zonaroja.com.mx\/index.php?rest_route=%2Fwp%2Fv2%2Fcategories&post=33662"},{"taxonomy":"post_tag","embeddable":true,"href":"https:\/\/zonaroja.com.mx\/index.php?rest_route=%2Fwp%2Fv2%2Ftags&post=33662"}],"curies":[{"name":"wp","href":"https:\/\/api.w.org\/{rel}","templated":true}]}}