{"id":33666,"date":"2021-10-28T15:21:01","date_gmt":"2021-10-28T20:21:01","guid":{"rendered":"https:\/\/www.zonaroja.com.mx\/?p=33666"},"modified":"2021-10-28T15:21:04","modified_gmt":"2021-10-28T20:21:04","slug":"tipifican-en-oaxaca-los-homicidios-de-odio-por-homofobia-y-transfobia","status":"publish","type":"post","link":"https:\/\/zonaroja.com.mx\/?p=33666","title":{"rendered":"Tipifican en Oaxaca los homicidios de odio por homofobia y transfobia"},"content":{"rendered":"\n<p><\/p>\n\n\n\n<p>&nbsp;Redacci\u00f3n\/Zona Roja.&nbsp;<\/p>\n\n\n\n<p>Oaxaca de Ju\u00e1rez, Oax., 28 de octubre de 2021.-&nbsp;A iniciativa de la diputada Magaly L\u00f3pez Dom\u00ednguez, el Congreso del Estado aprob\u00f3&nbsp;este mi\u00e9rcoles&nbsp;una reforma al C\u00f3digo Penal, que tipifica el delito de homicidio por razones de identidad de g\u00e9nero u orientaci\u00f3n sexual, dirigida a castigar de manera severa los cr\u00edmenes de odio por homofobia y por transfobia.<\/p>\n\n\n\n<p>El decreto aprobado establece una sanci\u00f3n de 50 a 60 a\u00f1os de prisi\u00f3n y multa de 500 a mil veces el valor diario de la unidad de medida y actualizaci\u00f3n a quienes cometan este tipo de asesinatos, cuando la pena por homicidio calificado es de 30 a 40 a\u00f1os de prisi\u00f3n.<\/p>\n\n\n\n<p>La reforma prev\u00e9 el aumento de la pena hasta un tercio m\u00e1s (hasta 20 a\u00f1os adicionales) si entre el asesino y la v\u00edctima existi\u00f3 una relaci\u00f3n de parentesco, matrimonio, concubinato, convivencia, noviazgo, amistad o cualquier otra que implique confianza, y de dos tercios m\u00e1s (hasta 40 a\u00f1os adicionales) si el homicida es polic\u00eda o militar.<\/p>\n\n\n\n<p>La diputada proponente, Magaly L\u00f3pez Dom\u00ednguez, consider\u00f3 que esta medida servir\u00e1 para proteger los derechos y la vida de las personas de la diversidad sexual, y celebr\u00f3 la aprobaci\u00f3n del dictamen emitido por las Comisiones Permanentes Unidas de Administraci\u00f3n y Procuraci\u00f3n de Justicia y de Igualdad de G\u00e9nero.<\/p>\n\n\n\n<p>\u201cNecesitamos poner un alto a los cr\u00edmenes de odio; la expresi\u00f3n de la propia identidad no debe ser una condena a la discriminaci\u00f3n, y mucho menos a la muerte\u201d, expres\u00f3 la legisladora de Morena, e hizo votos por el avance de nuestra sociedad hacia una que no s\u00f3lo acepte, sino que celebre la diversidad en todos los \u00e1mbitos de la vida.<\/p>\n\n\n\n<p>La adici\u00f3n del art\u00edculo 292 bis al C\u00f3digo Penal establecer\u00e1 ahora como homicidio por razones de identidad de g\u00e9nero u orientaci\u00f3n sexual el privar de la vida a una persona por desprecio u odio motivado por discriminaci\u00f3n, homofobia, transfobia o misoginia, o la v\u00edctima sea de la comunidad LGBTTTIQ, activista o integrante de alg\u00fan colectivo de defensa de los derechos de identidad de g\u00e9nero.<\/p>\n\n\n\n<p>Otros supuestos son que la v\u00edctima presente signos de violencia sexual, o se le hayan infligido heridas, escoriaciones, contusiones, fracturas, dislocaciones, quemaduras o mutilaciones o signos de asfixia, previos o posteriores a la privaci\u00f3n de la vida.<\/p>\n\n\n\n<p>Tambi\u00e9n cuando el cuerpo, cad\u00e1ver o restos de la v\u00edctima hayan sido enterrados, ocultados, incinerados o sometidos a cualquier sustancia que lo desintegre, o cuando existan datos que establezcan que hubo amenazas, acoso, violencia o lesiones del sujeto activo en contra de la v\u00edctima, aun cuando no haya denuncia, querella o cualquier otro tipo de registro.<\/p>\n\n\n\n<p>Igualmente cuando el cuerpo de la v\u00edctima sea expuesto, depositado o arrojado en un lugar p\u00fablico; haya existido entre el activo y la v\u00edctima una relaci\u00f3n sentimental, afectiva o de confianza, o la v\u00edctima haya sido incomunicada, cualquiera que sea el tiempo previo a su fallecimiento.&nbsp;<\/p>\n\n\n\n<p>\u201cSe entender\u00e1 como desprecio u odio cuando el activo realice conductas humillantes o degradantes, antes o durante la privaci\u00f3n de la vida\u201d, se precisa ahora en el mismo art\u00edculo 292 bis.<\/p>\n\n\n\n<p>La reforma incluye la definici\u00f3n de la identidad de g\u00e9nero como \u201cla vivencia interna e individual del g\u00e9nero tal como cada persona la experimenta profundamente, la cual podr\u00eda corresponder o no con el sexo asignado al momento del nacimiento, incluyendo la vivencia personal del cuerpo, as\u00ed como otras expresiones de g\u00e9nero como la vestimenta, el modo de hablar y los modales\u201d.<\/p>\n","protected":false},"excerpt":{"rendered":"<p>&nbsp;Redacci\u00f3n\/Zona Roja.&nbsp; Oaxaca de Ju\u00e1rez, Oax., 28 de octubre de 2021.-&nbsp;A iniciativa de la diputada&hellip;<\/p>\n","protected":false},"author":2,"featured_media":33665,"comment_status":"closed","ping_status":"open","sticky":false,"template":"","format":"standard","meta":{"_lmt_disableupdate":"","_lmt_disable":"","_jetpack_memberships_contains_paid_content":false,"footnotes":""},"categories":[109,46],"tags":[192],"class_list":["post-33666","post","type-post","status-publish","format-standard","has-post-thumbnail","hentry","category-minuto-a-minuto","category-zona-blanca","tag-diputada-magaly-lopez-dominguez"],"jetpack_featured_media_url":"https:\/\/zonaroja.com.mx\/wp-content\/uploads\/2021\/10\/img_7591.jpg","jetpack_sharing_enabled":true,"_links":{"self":[{"href":"https:\/\/zonaroja.com.mx\/index.php?rest_route=\/wp\/v2\/posts\/33666","targetHints":{"allow":["GET"]}}],"collection":[{"href":"https:\/\/zonaroja.com.mx\/index.php?rest_route=\/wp\/v2\/posts"}],"about":[{"href":"https:\/\/zonaroja.com.mx\/index.php?rest_route=\/wp\/v2\/types\/post"}],"author":[{"embeddable":true,"href":"https:\/\/zonaroja.com.mx\/index.php?rest_route=\/wp\/v2\/users\/2"}],"replies":[{"embeddable":true,"href":"https:\/\/zonaroja.com.mx\/index.php?rest_route=%2Fwp%2Fv2%2Fcomments&post=33666"}],"version-history":[{"count":1,"href":"https:\/\/zonaroja.com.mx\/index.php?rest_route=\/wp\/v2\/posts\/33666\/revisions"}],"predecessor-version":[{"id":33667,"href":"https:\/\/zonaroja.com.mx\/index.php?rest_route=\/wp\/v2\/posts\/33666\/revisions\/33667"}],"wp:featuredmedia":[{"embeddable":true,"href":"https:\/\/zonaroja.com.mx\/index.php?rest_route=\/wp\/v2\/media\/33665"}],"wp:attachment":[{"href":"https:\/\/zonaroja.com.mx\/index.php?rest_route=%2Fwp%2Fv2%2Fmedia&parent=33666"}],"wp:term":[{"taxonomy":"category","embeddable":true,"href":"https:\/\/zonaroja.com.mx\/index.php?rest_route=%2Fwp%2Fv2%2Fcategories&post=33666"},{"taxonomy":"post_tag","embeddable":true,"href":"https:\/\/zonaroja.com.mx\/index.php?rest_route=%2Fwp%2Fv2%2Ftags&post=33666"}],"curies":[{"name":"wp","href":"https:\/\/api.w.org\/{rel}","templated":true}]}}