{"id":33668,"date":"2021-10-28T16:23:46","date_gmt":"2021-10-28T21:23:46","guid":{"rendered":"http:\/\/www.zonaroja.com.mx\/?p=33668"},"modified":"2021-10-28T16:23:49","modified_gmt":"2021-10-28T21:23:49","slug":"mantiene-hospital-civil-carencias-y-deficit-presupuestal-rechazan-adhesion-al-imss-bienestar","status":"publish","type":"post","link":"https:\/\/zonaroja.com.mx\/?p=33668","title":{"rendered":"Mantiene Hospital Civil carencias y d\u00e9ficit presupuestal; rechazan adhesi\u00f3n al IMSS-Bienestar"},"content":{"rendered":"\n<p>Evlin Arag\u00f3n\/Zona Roja.<\/p>\n\n\n\n<p>Oaxaca de Ju\u00e1rez, Oax., 28 de octubre de 2021.- Ni los Servicios de Salud de Oaxaca (SSO) ni el Instituto de Salud para el Bienestar (Insabi) han logrado poner fin a las graves problem\u00e1tica que presenta el Hospital Civil \u201cDr. Aurelio Valdivieso\u201d, mismo que mantiene una serie de carencias que no han podido subsanar.&nbsp;<\/p>\n\n\n\n<p>As\u00ed lo dio a conocer personal adscrito al nosocomio que este jueves se manifest\u00f3 para rechazar que el sector salud estatal sea transferido al gobierno federal, situaci\u00f3n que aseguran no resolver\u00e1 las deficiencias que se registran al interior y que repercuten en la comunidad derechohabiente.\u00a0<\/p>\n\n\n\n<p>La conferencia fue convocada por la Subsecci\u00f3n 07 de la Secci\u00f3n 35 del Sindicato Nacional de Trabajadores de la Secretar\u00eda de Salud, a trav\u00e9s de su secretario de Organizaci\u00f3n, Aristeo Torres; esta gremial se quej\u00f3 del nulo apoyo por parte del dirigente sindical Mario F\u00e9lix Pacheco.<\/p>\n\n\n\n<p>\u201cNo estamos de acuerdo en pasar a un programa que ahorita le est\u00e1n llamando IMSS-Bienestar porque como Secretar\u00eda de Salud somos eje rector y no podemos pasar a un programa sexenal que con cada cambio de presidente ha tenido un nombre diferente\u201d, dijo una de las inconformes.\u00a0<\/p>\n\n\n\n<p>En este mismo sentido, explic\u00f3 que la determinaci\u00f3n del gobierno federal no soluciona el d\u00e9ficit financiero de la instituci\u00f3n p\u00fablica, por el contrario, pone en riesgo la estabilidad laboral, as\u00ed como la atenci\u00f3n de los pacientes que actualmente cubren, por cuenta propia, la falta de material.&nbsp;&nbsp;<\/p>\n\n\n\n<p>\u201cSi alg\u00fan, algunos rateros y ladrones se llevaron el dinero de la Secretar\u00eda de Salud, que el gobierno se los quite. La justicia tiene que ser equitativa y que le quite al ratero lo que se rob\u00f3 de salud\u201d, sentenci\u00f3.&nbsp;<\/p>\n\n\n\n<p>La representante del \u00e1rea de Enfermer\u00eda dio a conocer que la transici\u00f3n sin duda afectar\u00eda a las y los sindicalizados, pero, en mayor medida, a la comunidad usuaria que como siempre tiene que hacer frente a las carencias al interior del hospital m\u00e1s importante de la entidad.&nbsp;<\/p>\n\n\n\n<p>Como ejemplo dieron a conocer la situaci\u00f3n que se vive al interior del Centro Estatal de la Transfusi\u00f3n Sangu\u00ednea, cuyas actividades han sido suspendidas debido a la falta de reactivo, ello ante la irresponsabilidad administrativa de los SSO y en perjuicio particularmente de las mujeres embarazadas.\u00a0<\/p>\n\n\n\n<figure class=\"wp-block-embed-twitter wp-block-embed is-type-rich is-provider-twitter\"><div class=\"wp-block-embed__wrapper\">\n<div class=\"twitter-tweet\"><blockquote class=\"twitter-tweet\" data-lang=\"es\"><p lang=\"es\" dir=\"ltr\"><a href=\"https:\/\/twitter.com\/hashtag\/%C3%9AltimoMinuto?src=hash&amp;ref_src=twsrc%5Etfw\">#\u00daltimoMinuto<\/a> <br>Ni los <a href=\"https:\/\/twitter.com\/SSO_GobOax?ref_src=twsrc%5Etfw\">@SSO_GobOax<\/a> ni <a href=\"https:\/\/twitter.com\/INSABI_mx?ref_src=twsrc%5Etfw\">@INSABI_mx<\/a> atienden la grave problem\u00e1tica del Hospital Civil, ubicado en la capital oaxaque\u00f1a, denuncian trabajadores; rechazan que el sector salud sea transferido al gobierno federal. <a href=\"https:\/\/t.co\/U55Zxu30UP\">pic.twitter.com\/U55Zxu30UP<\/a><\/p>&mdash; Zona Roja Oaxaca (@Zona_Roja_Oax) <a href=\"https:\/\/twitter.com\/Zona_Roja_Oax\/status\/1453737369559990282?ref_src=twsrc%5Etfw\">28 de octubre de 2021<\/a><\/blockquote><\/div>\n<\/div><\/figure>\n\n\n\n<p>\u201cLa situaci\u00f3n es muy grave. Esa gente tiene que entender que lo que est\u00e1n haciendo es afectar los derechos humanos a la salud, especialmente de las mujeres embarazadas por falta de sangre. No hay sangre, es un problema grave\u201d, dijo el m\u00e9dico encargado.&nbsp;<\/p>\n\n\n\n<p>Al mismo escenario se enfrenta el Laboratorio de An\u00e1lisis Cl\u00ednicos que fue cerrado parcialmente debido a la falta de insumos b\u00e1sicos como el agua, gasas y reactivos que impide que brinden la atenci\u00f3n necesaria.&nbsp;<\/p>\n\n\n\n<p>\u201cCon estas carencias est\u00e1n dejando a los pacientes a la deriva. Lo \u00fanico que el gobierno le est\u00e1 cumpliendo a los pobres es ser los primeros en morirse y no recibir atenci\u00f3n m\u00e9dica. No es posible que vengan desde lejos y les tengamos que decir que no podemos atenderlos por falta de material\u201d, dijo la encargada del Laboratorio Cl\u00ednico.&nbsp;<\/p>\n\n\n\n<p>Finalmente, lament\u00f3 el despido del personal eventual mientras que los grandes saqueadores del recurso asignado a la salud p\u00fablica se mantienen en la impunidad, al conservar a\u00fan sus puestos de toma de decisiones al interior del sector.&nbsp;<\/p>\n\n\n\n<p>Dentro de la escasez permanente al interior del nosocomio, tambi\u00e9n enunciaron la falta de equipamiento e insumos como el gas en el servicio de lavander\u00eda situaci\u00f3n que impide que la ropa limpia llegue, incluso, al \u00e1rea de los quir\u00f3fanos donde muchas veces los derechohabientes se debaten entre la vida y la muerte.&nbsp;<\/p>\n","protected":false},"excerpt":{"rendered":"<p>Evlin Arag\u00f3n\/Zona Roja. Oaxaca de Ju\u00e1rez, Oax., 28 de octubre de 2021.- Ni los Servicios&hellip;<\/p>\n","protected":false},"author":2,"featured_media":33669,"comment_status":"closed","ping_status":"open","sticky":false,"template":"","format":"standard","meta":{"_lmt_disableupdate":"","_lmt_disable":"","_jetpack_memberships_contains_paid_content":false,"footnotes":""},"categories":[109,47],"tags":[781],"class_list":["post-33668","post","type-post","status-publish","format-standard","has-post-thumbnail","hentry","category-minuto-a-minuto","category-zona-gris","tag-hospital-civil-dr-aurelio-valdivieso-de-oaxaca"],"jetpack_featured_media_url":"https:\/\/zonaroja.com.mx\/wp-content\/uploads\/2021\/10\/Protesta-Hospital-Civil.jpg","jetpack_sharing_enabled":true,"_links":{"self":[{"href":"https:\/\/zonaroja.com.mx\/index.php?rest_route=\/wp\/v2\/posts\/33668","targetHints":{"allow":["GET"]}}],"collection":[{"href":"https:\/\/zonaroja.com.mx\/index.php?rest_route=\/wp\/v2\/posts"}],"about":[{"href":"https:\/\/zonaroja.com.mx\/index.php?rest_route=\/wp\/v2\/types\/post"}],"author":[{"embeddable":true,"href":"https:\/\/zonaroja.com.mx\/index.php?rest_route=\/wp\/v2\/users\/2"}],"replies":[{"embeddable":true,"href":"https:\/\/zonaroja.com.mx\/index.php?rest_route=%2Fwp%2Fv2%2Fcomments&post=33668"}],"version-history":[{"count":1,"href":"https:\/\/zonaroja.com.mx\/index.php?rest_route=\/wp\/v2\/posts\/33668\/revisions"}],"predecessor-version":[{"id":33670,"href":"https:\/\/zonaroja.com.mx\/index.php?rest_route=\/wp\/v2\/posts\/33668\/revisions\/33670"}],"wp:featuredmedia":[{"embeddable":true,"href":"https:\/\/zonaroja.com.mx\/index.php?rest_route=\/wp\/v2\/media\/33669"}],"wp:attachment":[{"href":"https:\/\/zonaroja.com.mx\/index.php?rest_route=%2Fwp%2Fv2%2Fmedia&parent=33668"}],"wp:term":[{"taxonomy":"category","embeddable":true,"href":"https:\/\/zonaroja.com.mx\/index.php?rest_route=%2Fwp%2Fv2%2Fcategories&post=33668"},{"taxonomy":"post_tag","embeddable":true,"href":"https:\/\/zonaroja.com.mx\/index.php?rest_route=%2Fwp%2Fv2%2Ftags&post=33668"}],"curies":[{"name":"wp","href":"https:\/\/api.w.org\/{rel}","templated":true}]}}