{"id":33671,"date":"2021-10-28T16:27:25","date_gmt":"2021-10-28T21:27:25","guid":{"rendered":"http:\/\/www.zonaroja.com.mx\/?p=33671"},"modified":"2021-10-28T16:27:29","modified_gmt":"2021-10-28T21:27:29","slug":"halla-fiscalia-restos-oseos-en-fosa-clandestina-de-tuxtepec-podria-ser-mujer","status":"publish","type":"post","link":"https:\/\/zonaroja.com.mx\/?p=33671","title":{"rendered":"Halla Fiscal\u00eda restos \u00f3seos en fosa clandestina de Tuxtepec; podr\u00eda ser mujer"},"content":{"rendered":"\n<p>Redacci\u00f3n\/Zona Roja.<\/p>\n\n\n\n<p>Oaxaca de Ju\u00e1rez, Oax., 28 de octubre de 2021.- La Fiscal\u00eda General del Estado de Oaxaca (FGEO) coordin\u00f3 y ejecut\u00f3 un operativo para dar con el paradero de una persona del sexo femenino identificada como I. G. G., en San Juan Bautista Tuxtepec, regi\u00f3n de la Cuenca del Papaloapan.<\/p>\n\n\n\n<p>En un comunicado, inform\u00f3 que con \u00e9sta, suman tres acciones de b\u00fasqueda realizadas por la FGEO para localizar a la persona reportada como desaparecida el 14 de abril de 2020, en Tuxtepec.&nbsp;<\/p>\n\n\n\n<p>El plan de b\u00fasqueda se realiz\u00f3 los d\u00edas 25, 26 y 27 de octubre del a\u00f1o en curso, en diversos puntos y parajes de San Juan Bautista Tuxtepec, entre ellos, el predio denominado \u201cLos Girasoles\u201d, ubicado a un costado de la carretera Tuxtepec-Zacate Colorado.<\/p>\n\n\n\n<p>En este sitio localizaron restos \u00f3seos humanos, mismos que ser\u00e1n sometidos a estudios periciales para determinar perfiles gen\u00e9ticos, a trav\u00e9s de pruebas de laboratorio del Instituto de Servicios Periciales de la FGEO.<\/p>\n\n\n\n<p>Las acciones fueron coordinadas por la Instituci\u00f3n de procuraci\u00f3n de justicia, a trav\u00e9s de la Vicefiscal\u00eda Regional de la Cuenca y de las Unidades de B\u00fasqueda de Personas No Localizadas y de Desaparici\u00f3n Forzada de la Vicefiscal\u00eda General de Atenci\u00f3n a V\u00edctimas y a la Sociedad, contando adem\u00e1s con el apoyo de personal de la Comisi\u00f3n Nacional de B\u00fasqueda y de elementos de la Secretar\u00eda de la Defensa Nacional, Guardia Nacional y binomios caninos.<\/p>\n\n\n\n<p>\u201cEn casos de desaparici\u00f3n de personas, la Fiscal\u00eda General no descarta ninguna l\u00ednea de investigaci\u00f3n, agotando su capacidad Institucional para dar con su paradero\u201d, expuso.<\/p>\n\n\n\n<figure class=\"wp-block-embed-twitter wp-block-embed is-type-rich is-provider-twitter\"><div class=\"wp-block-embed__wrapper\">\n<div class=\"twitter-tweet\"><blockquote class=\"twitter-tweet\" data-lang=\"es\"><p lang=\"es\" dir=\"ltr\">Coordinamos y ejecutamos operativo de b\u00fasqueda de una mujer desaparecida, en San Juan Bautista <a href=\"https:\/\/twitter.com\/hashtag\/Tuxtepec?src=hash&amp;ref_src=twsrc%5Etfw\">#Tuxtepec<\/a>: <a href=\"https:\/\/twitter.com\/FISCALIA_GobOax?ref_src=twsrc%5Etfw\">@FISCALIA_GobOax<\/a> <a href=\"https:\/\/twitter.com\/PeimbertArturo?ref_src=twsrc%5Etfw\">@PeimbertArturo<\/a> <a href=\"https:\/\/twitter.com\/Busqueda_MX?ref_src=twsrc%5Etfw\">@Busqueda_MX<\/a> <a href=\"https:\/\/twitter.com\/brigadabuscando?ref_src=twsrc%5Etfw\">@brigadabuscando<\/a> <a href=\"https:\/\/twitter.com\/movNDmx?ref_src=twsrc%5Etfw\">@movNDmx<\/a> <a href=\"https:\/\/t.co\/u3F6xvEIfF\">pic.twitter.com\/u3F6xvEIfF<\/a><\/p>&mdash; Fiscal\u00eda General (@FISCALIA_GobOax) <a href=\"https:\/\/twitter.com\/FISCALIA_GobOax\/status\/1453813237984776197?ref_src=twsrc%5Etfw\">28 de octubre de 2021<\/a><\/blockquote><\/div>\n<\/div><\/figure>\n","protected":false},"excerpt":{"rendered":"<p>Redacci\u00f3n\/Zona Roja. Oaxaca de Ju\u00e1rez, Oax., 28 de octubre de 2021.- La Fiscal\u00eda General del&hellip;<\/p>\n","protected":false},"author":2,"featured_media":33672,"comment_status":"closed","ping_status":"open","sticky":false,"template":"","format":"standard","meta":{"_lmt_disableupdate":"","_lmt_disable":"","_jetpack_memberships_contains_paid_content":false,"footnotes":""},"categories":[1],"tags":[],"class_list":["post-33671","post","type-post","status-publish","format-standard","has-post-thumbnail","hentry","category-sin-categoria"],"jetpack_featured_media_url":"https:\/\/zonaroja.com.mx\/wp-content\/uploads\/2021\/10\/Restos-oseos-Tuxtepec-Fiscalia.jpg","jetpack_sharing_enabled":true,"_links":{"self":[{"href":"https:\/\/zonaroja.com.mx\/index.php?rest_route=\/wp\/v2\/posts\/33671","targetHints":{"allow":["GET"]}}],"collection":[{"href":"https:\/\/zonaroja.com.mx\/index.php?rest_route=\/wp\/v2\/posts"}],"about":[{"href":"https:\/\/zonaroja.com.mx\/index.php?rest_route=\/wp\/v2\/types\/post"}],"author":[{"embeddable":true,"href":"https:\/\/zonaroja.com.mx\/index.php?rest_route=\/wp\/v2\/users\/2"}],"replies":[{"embeddable":true,"href":"https:\/\/zonaroja.com.mx\/index.php?rest_route=%2Fwp%2Fv2%2Fcomments&post=33671"}],"version-history":[{"count":1,"href":"https:\/\/zonaroja.com.mx\/index.php?rest_route=\/wp\/v2\/posts\/33671\/revisions"}],"predecessor-version":[{"id":33673,"href":"https:\/\/zonaroja.com.mx\/index.php?rest_route=\/wp\/v2\/posts\/33671\/revisions\/33673"}],"wp:featuredmedia":[{"embeddable":true,"href":"https:\/\/zonaroja.com.mx\/index.php?rest_route=\/wp\/v2\/media\/33672"}],"wp:attachment":[{"href":"https:\/\/zonaroja.com.mx\/index.php?rest_route=%2Fwp%2Fv2%2Fmedia&parent=33671"}],"wp:term":[{"taxonomy":"category","embeddable":true,"href":"https:\/\/zonaroja.com.mx\/index.php?rest_route=%2Fwp%2Fv2%2Fcategories&post=33671"},{"taxonomy":"post_tag","embeddable":true,"href":"https:\/\/zonaroja.com.mx\/index.php?rest_route=%2Fwp%2Fv2%2Ftags&post=33671"}],"curies":[{"name":"wp","href":"https:\/\/api.w.org\/{rel}","templated":true}]}}