{"id":33680,"date":"2021-10-28T22:02:52","date_gmt":"2021-10-29T03:02:52","guid":{"rendered":"http:\/\/www.zonaroja.com.mx\/?p=33680"},"modified":"2021-10-28T22:02:55","modified_gmt":"2021-10-29T03:02:55","slug":"asesinan-a-balazos-a-periodista-en-chiapas","status":"publish","type":"post","link":"https:\/\/zonaroja.com.mx\/?p=33680","title":{"rendered":"Asesinan a balazos a periodista en Chiapas"},"content":{"rendered":"\n<p>Redacci\u00f3n\/Zona Roja Cdmx.<\/p>\n\n\n\n<p>Ciudad de M\u00e9xico, 28 de octubre de 2021.- El periodista Fredy L\u00f3pez Ar\u00e9valo fue asesinado a balazos esta noche, al llegar a su domicilio, en San Crist\u00f3bal de las Casas, Chiapas.<\/p>\n\n\n\n<p>El conductor de noticias en XERA-Radio Uno, proven\u00eda de Tuxtla Guti\u00e9rrez junto con su familia, cuando, a punto de entrar a su hogar, un individuo le dispar\u00f3 en repetidas ocasiones, tras lo cual huy\u00f3.<\/p>\n\n\n\n<p>El comunicador perdi\u00f3 la vida en el momento, pese a la atenci\u00f3n de param\u00e9dicos.<\/p>\n\n\n\n<p>Las \u00faltimas fotos que subi\u00f3 a sus redes sociales fueron a las 16:30 horas, cuando se encontraba en la ciudad de Tuxtla Guti\u00e9rrez festejando el cumplea\u00f1os de su mam\u00e1 junto con toda su familia.<\/p>\n","protected":false},"excerpt":{"rendered":"<p>Redacci\u00f3n\/Zona Roja Cdmx. Ciudad de M\u00e9xico, 28 de octubre de 2021.- El periodista Fredy L\u00f3pez&hellip;<\/p>\n","protected":false},"author":2,"featured_media":33681,"comment_status":"closed","ping_status":"open","sticky":false,"template":"","format":"standard","meta":{"_lmt_disableupdate":"","_lmt_disable":"","_jetpack_memberships_contains_paid_content":false,"footnotes":""},"categories":[109,51],"tags":[2933],"class_list":["post-33680","post","type-post","status-publish","format-standard","has-post-thumbnail","hentry","category-minuto-a-minuto","category-zona-roja","tag-fredy-lopez-arevalo"],"jetpack_featured_media_url":"https:\/\/zonaroja.com.mx\/wp-content\/uploads\/2021\/10\/Fredy-Lopez-Arevalo.jpg","jetpack_sharing_enabled":true,"_links":{"self":[{"href":"https:\/\/zonaroja.com.mx\/index.php?rest_route=\/wp\/v2\/posts\/33680","targetHints":{"allow":["GET"]}}],"collection":[{"href":"https:\/\/zonaroja.com.mx\/index.php?rest_route=\/wp\/v2\/posts"}],"about":[{"href":"https:\/\/zonaroja.com.mx\/index.php?rest_route=\/wp\/v2\/types\/post"}],"author":[{"embeddable":true,"href":"https:\/\/zonaroja.com.mx\/index.php?rest_route=\/wp\/v2\/users\/2"}],"replies":[{"embeddable":true,"href":"https:\/\/zonaroja.com.mx\/index.php?rest_route=%2Fwp%2Fv2%2Fcomments&post=33680"}],"version-history":[{"count":1,"href":"https:\/\/zonaroja.com.mx\/index.php?rest_route=\/wp\/v2\/posts\/33680\/revisions"}],"predecessor-version":[{"id":33682,"href":"https:\/\/zonaroja.com.mx\/index.php?rest_route=\/wp\/v2\/posts\/33680\/revisions\/33682"}],"wp:featuredmedia":[{"embeddable":true,"href":"https:\/\/zonaroja.com.mx\/index.php?rest_route=\/wp\/v2\/media\/33681"}],"wp:attachment":[{"href":"https:\/\/zonaroja.com.mx\/index.php?rest_route=%2Fwp%2Fv2%2Fmedia&parent=33680"}],"wp:term":[{"taxonomy":"category","embeddable":true,"href":"https:\/\/zonaroja.com.mx\/index.php?rest_route=%2Fwp%2Fv2%2Fcategories&post=33680"},{"taxonomy":"post_tag","embeddable":true,"href":"https:\/\/zonaroja.com.mx\/index.php?rest_route=%2Fwp%2Fv2%2Ftags&post=33680"}],"curies":[{"name":"wp","href":"https:\/\/api.w.org\/{rel}","templated":true}]}}