{"id":3369,"date":"2019-08-24T21:16:36","date_gmt":"2019-08-25T02:16:36","guid":{"rendered":"http:\/\/www.zonaroja.com.mx\/?p=3369"},"modified":"2019-08-24T21:16:38","modified_gmt":"2019-08-25T02:16:38","slug":"matan-a-otro-periodista-ahora-en-el-estado-de-mexico","status":"publish","type":"post","link":"https:\/\/zonaroja.com.mx\/?p=3369","title":{"rendered":"Matan a otro periodista, ahora en el Estado de M\u00e9xico"},"content":{"rendered":"\n<p>Redacci\u00f3n\/Zona Roja Cdmx.<\/p>\n\n\n\n<p>Ciudad de M\u00e9xico, 24 de agosto de 2019.- El periodista\nNevith Cond\u00e9s Jaramillo, fue asesinado este s\u00e1bado en el Estado de M\u00e9xico con\nun objeto punzocortante, confirm\u00f3 la Fiscal\u00eda General de Justicia de esa\nentidad.<\/p>\n\n\n\n<p>El cuerpo del comunicador y creador de la p\u00e1gina informativa\n\u201cEl Observatorio del Sur\u201d, fue localizado en el Cerro de Cacalotepec, del\nmunicipio de Tejupilco, por lo que los servicios forenses iniciaron el reporte\nde las condiciones en las que se encontr\u00f3 el cad\u00e1ver del periodista.<\/p>\n\n\n\n<p>El tambi\u00e9n locutor fue uno de los primeros en informar a la\nsociedad del derribo de un helic\u00f3ptero, en junio pasado, en un paraje del\nmunicipio de Sultepec, Estado de M\u00e9xico.<\/p>\n\n\n\n<p>La Fiscal\u00eda inform\u00f3 que buscan al o los responsables de las\nlesiones al periodista, aunque por el momento se desconocen si estos hechos\nfueron producto de un ataque directo debido a su labor o un asalto.<\/p>\n","protected":false},"excerpt":{"rendered":"<p>Redacci\u00f3n\/Zona Roja Cdmx. Ciudad de M\u00e9xico, 24 de agosto de 2019.- El periodista Nevith Cond\u00e9s&hellip;<\/p>\n","protected":false},"author":2,"featured_media":3370,"comment_status":"closed","ping_status":"open","sticky":false,"template":"","format":"standard","meta":{"_lmt_disableupdate":"","_lmt_disable":"","_jetpack_memberships_contains_paid_content":false,"footnotes":""},"categories":[109,51],"tags":[],"class_list":["post-3369","post","type-post","status-publish","format-standard","has-post-thumbnail","hentry","category-minuto-a-minuto","category-zona-roja"],"jetpack_featured_media_url":"https:\/\/zonaroja.com.mx\/wp-content\/uploads\/2019\/08\/prensa-3-1.png","jetpack_sharing_enabled":true,"_links":{"self":[{"href":"https:\/\/zonaroja.com.mx\/index.php?rest_route=\/wp\/v2\/posts\/3369","targetHints":{"allow":["GET"]}}],"collection":[{"href":"https:\/\/zonaroja.com.mx\/index.php?rest_route=\/wp\/v2\/posts"}],"about":[{"href":"https:\/\/zonaroja.com.mx\/index.php?rest_route=\/wp\/v2\/types\/post"}],"author":[{"embeddable":true,"href":"https:\/\/zonaroja.com.mx\/index.php?rest_route=\/wp\/v2\/users\/2"}],"replies":[{"embeddable":true,"href":"https:\/\/zonaroja.com.mx\/index.php?rest_route=%2Fwp%2Fv2%2Fcomments&post=3369"}],"version-history":[{"count":1,"href":"https:\/\/zonaroja.com.mx\/index.php?rest_route=\/wp\/v2\/posts\/3369\/revisions"}],"predecessor-version":[{"id":3371,"href":"https:\/\/zonaroja.com.mx\/index.php?rest_route=\/wp\/v2\/posts\/3369\/revisions\/3371"}],"wp:featuredmedia":[{"embeddable":true,"href":"https:\/\/zonaroja.com.mx\/index.php?rest_route=\/wp\/v2\/media\/3370"}],"wp:attachment":[{"href":"https:\/\/zonaroja.com.mx\/index.php?rest_route=%2Fwp%2Fv2%2Fmedia&parent=3369"}],"wp:term":[{"taxonomy":"category","embeddable":true,"href":"https:\/\/zonaroja.com.mx\/index.php?rest_route=%2Fwp%2Fv2%2Fcategories&post=3369"},{"taxonomy":"post_tag","embeddable":true,"href":"https:\/\/zonaroja.com.mx\/index.php?rest_route=%2Fwp%2Fv2%2Ftags&post=3369"}],"curies":[{"name":"wp","href":"https:\/\/api.w.org\/{rel}","templated":true}]}}