{"id":33693,"date":"2021-10-29T08:17:40","date_gmt":"2021-10-29T13:17:40","guid":{"rendered":"http:\/\/www.zonaroja.com.mx\/?p=33693"},"modified":"2021-10-29T08:17:44","modified_gmt":"2021-10-29T13:17:44","slug":"poder-judicial-de-oaxaca-y-universidad-de-perugia-presentan-nueva-maestria","status":"publish","type":"post","link":"https:\/\/zonaroja.com.mx\/?p=33693","title":{"rendered":"Poder Judicial de Oaxaca y Universidad de Perugia presentan nueva maestr\u00eda"},"content":{"rendered":"\n<p>Redacci\u00f3n\/Zona Roja.<\/p>\n\n\n\n<p>Oaxaca de Ju\u00e1rez, Oax., 29 de octubre de 2021.- En la meta de formar operadores jurisdiccionales de alto nivel que se desempe\u00f1en con apego a los instrumentos nacionales e interamericanos de protecci\u00f3n y defensa de los derechos humanos, con enfoque \u00e9tico y una visi\u00f3n moderna y renovada, el titular del Poder Judicial del Estado, magistrado Eduardo Pinacho S\u00e1nchez, realiz\u00f3 la presentaci\u00f3n oficial de la maestr\u00eda en Derecho Judicial, que se impartir\u00e1 en conjunto con la Universidad de Perugia, Italia, una de las m\u00e1s antiguas y prestigiadas del mundo.<\/p>\n\n\n\n<p>En un enlace virtual con el doctor Andrea Sassi, director del Departamento de Derecho de la Universidad de Perugia, Italia; el presidente del Comit\u00e9 Acad\u00e9mico de la maestr\u00eda, doctor Roberto Cippitani y el profesor de la maestr\u00eda Fabrizio Figorilli; el presidente del Tribunal Superior de Justicia y el Consejo de la Judicatura afirm\u00f3 que el intercambio acad\u00e9mico y la cooperaci\u00f3n internacionales son el camino del presente y el futuro.<\/p>\n\n\n\n<p>Resalt\u00f3 que ante el contexto actual y como parte de la alianza educativa formalizada con esa casa de estudios italiana, se suman esfuerzos para acercar el conocimiento y experiencia de un posgrado sin precedentes en Am\u00e9rica Latina, a una primera generaci\u00f3n de juristas con una depurada t\u00e9cnica jur\u00eddica, una visi\u00f3n transversal de los derechos humanos, la integraci\u00f3n y globalizaci\u00f3n jur\u00eddicas, y sobre todo, formar jueces dotados de una visi\u00f3n prospectiva de la justicia y de la deontolog\u00eda judicial como condiciones insoslayables del quehacer de los juzgadores modernos.<\/p>\n\n\n\n<p>Ante el consejero jur\u00eddico del Gobierno del Estado, Jos\u00e9 Octavio Tinajero Zenil, representante en el evento del gobernador Alejandro Murat Hinojosa, puntualiz\u00f3 que el objetivo de la maestr\u00eda es poner a disposici\u00f3n de los jueces mexicanos y de otras latitudes, una alternativa de formaci\u00f3n del m\u00e1s alto nivel acad\u00e9mico, que les dote de herramientas jur\u00eddicas nuevas y depuradas para cumplir con una de las funciones m\u00e1s complejas de cualquier grupo humano: dictar justicia.<\/p>\n\n\n\n<p>Por su parte, en su intervenci\u00f3n en el evento, que de manera presencial tuvo como sede el auditorio del Tribunal Superior de Justicia, en Ciudad Judicial de Reyes Mantec\u00f3n, al que asistieron consejeros, consejera, magistrados, magistradas, jueces y juezas del Poder Judicial del Estado, representantes de distintas instituciones, asociaciones y universidades, el coordinador acad\u00e9mico de la maestr\u00eda, doctor Mario Ignacio \u00c1lvarez Ledesma explic\u00f3 el plan de estudios que tendr\u00e1 con duraci\u00f3n de dos a\u00f1os, divididos en cuatro semestres.<\/p>\n\n\n\n<p>Durante los primeros tres de ellos, se\u00f1al\u00f3, docentes de la Universidad de Perugia dictar\u00e1n c\u00e1tedra en Oaxaca en idioma espa\u00f1ol; en el \u00faltimo semestre, los estudiantes inscritos a dicho programa acad\u00e9mico, deber\u00e1n cumplir con una estancia de un mes en las instalaciones de este reconocido instituto, para cursar seminarios y pr\u00e1cticas judiciales.<\/p>\n\n\n\n<p>En cuanto a la obtenci\u00f3n del t\u00edtulo de posgrado, puntualiz\u00f3 que requerir\u00e1 despu\u00e9s de haber aprobado satisfactoriamente los cr\u00e9ditos y cursado el seminario de titulaci\u00f3n, la realizaci\u00f3n de una tesis escrita y su defensa ante el correspondiente sinodal.<\/p>\n\n\n\n<p>En el marco de la presentaci\u00f3n oficial de la maestr\u00eda, se proyect\u00f3 un mensaje en video del ministro de la Suprema Corte de Justicia de la Naci\u00f3n, Juan Luis Gonz\u00e1lez Alc\u00e1ntara Carranc\u00e1, quien destac\u00f3 el prestigio de la Universidad de Perugia, con un legado permanente y las aportaciones de Oaxaca que han trascendido a nivel internacional.<\/p>\n\n\n\n<p>Para la primera generaci\u00f3n se abrir\u00e1n 50 lugares y ser\u00e1 el mes de enero del 2022 cuando se realice formalmente el registro de la matr\u00edcula para iniciar actividades en agosto del mismo a\u00f1o.<\/p>\n","protected":false},"excerpt":{"rendered":"<p>Redacci\u00f3n\/Zona Roja. Oaxaca de Ju\u00e1rez, Oax., 29 de octubre de 2021.- En la meta de&hellip;<\/p>\n","protected":false},"author":2,"featured_media":33684,"comment_status":"closed","ping_status":"open","sticky":false,"template":"","format":"standard","meta":{"_lmt_disableupdate":"","_lmt_disable":"","_jetpack_memberships_contains_paid_content":false,"footnotes":""},"categories":[109,46],"tags":[223],"class_list":["post-33693","post","type-post","status-publish","format-standard","has-post-thumbnail","hentry","category-minuto-a-minuto","category-zona-blanca","tag-poder-judicial-de-oaxaca"],"jetpack_featured_media_url":"https:\/\/zonaroja.com.mx\/wp-content\/uploads\/2021\/10\/Poder-Judicial-y-la-Universidad-de-Perugia-promueven-formacion-de-juzgadores.jpg","jetpack_sharing_enabled":true,"_links":{"self":[{"href":"https:\/\/zonaroja.com.mx\/index.php?rest_route=\/wp\/v2\/posts\/33693","targetHints":{"allow":["GET"]}}],"collection":[{"href":"https:\/\/zonaroja.com.mx\/index.php?rest_route=\/wp\/v2\/posts"}],"about":[{"href":"https:\/\/zonaroja.com.mx\/index.php?rest_route=\/wp\/v2\/types\/post"}],"author":[{"embeddable":true,"href":"https:\/\/zonaroja.com.mx\/index.php?rest_route=\/wp\/v2\/users\/2"}],"replies":[{"embeddable":true,"href":"https:\/\/zonaroja.com.mx\/index.php?rest_route=%2Fwp%2Fv2%2Fcomments&post=33693"}],"version-history":[{"count":1,"href":"https:\/\/zonaroja.com.mx\/index.php?rest_route=\/wp\/v2\/posts\/33693\/revisions"}],"predecessor-version":[{"id":33694,"href":"https:\/\/zonaroja.com.mx\/index.php?rest_route=\/wp\/v2\/posts\/33693\/revisions\/33694"}],"wp:featuredmedia":[{"embeddable":true,"href":"https:\/\/zonaroja.com.mx\/index.php?rest_route=\/wp\/v2\/media\/33684"}],"wp:attachment":[{"href":"https:\/\/zonaroja.com.mx\/index.php?rest_route=%2Fwp%2Fv2%2Fmedia&parent=33693"}],"wp:term":[{"taxonomy":"category","embeddable":true,"href":"https:\/\/zonaroja.com.mx\/index.php?rest_route=%2Fwp%2Fv2%2Fcategories&post=33693"},{"taxonomy":"post_tag","embeddable":true,"href":"https:\/\/zonaroja.com.mx\/index.php?rest_route=%2Fwp%2Fv2%2Ftags&post=33693"}],"curies":[{"name":"wp","href":"https:\/\/api.w.org\/{rel}","templated":true}]}}