{"id":33695,"date":"2021-10-29T09:08:47","date_gmt":"2021-10-29T14:08:47","guid":{"rendered":"http:\/\/www.zonaroja.com.mx\/?p=33695"},"modified":"2021-10-29T14:11:49","modified_gmt":"2021-10-29T19:11:49","slug":"aviva-policia-municipal-conflicto-con-ambulantes-ciudad-sitiada","status":"publish","type":"post","link":"https:\/\/zonaroja.com.mx\/?p=33695","title":{"rendered":"Aviva polic\u00eda municipal conflicto con ambulantes; ciudad sitiada"},"content":{"rendered":"\n<p>Redacci\u00f3n\/Zona Roja.<\/p>\n\n\n\n<p>Oaxaca de Ju\u00e1rez, Oax., 29 de octubre de 2021.- \u201c\u00a1Tienen la posibilidad de recoger sus cosas! \u00a1Cinco minutos! \u00a1Muchas gracias!\u201d.<\/p>\n\n\n\n<p>Fue la instrucci\u00f3n del jefe policiaco del municipio de Oaxaca de Ju\u00e1rez, Marcos Freddy Hern\u00e1ndez, tras lo cual inici\u00f3 el retiro violento de vendedores ambulantes en el Centro Hist\u00f3rico.<\/p>\n\n\n\n<p>Los uniformados con equipos antimotines fueron concentrados alrededor de las siete de la ma\u00f1ana en la Alameda de Le\u00f3n y minutos despu\u00e9s inici\u00f3 la acometida.<\/p>\n\n\n\n<p>La \u00fanica advertencia, el \u00fanico di\u00e1logo, fue el de director de Seguridad P\u00fablica, tras lo cual inici\u00f3 el retiro de estructura y mercanc\u00eda en los puestos ubicados en la primera y segunda de Flores Mag\u00f3n y primera y segunda de Las Casas.<\/p>\n\n\n\n<figure class=\"wp-block-embed is-type-rich is-provider-twitter wp-block-embed-twitter\"><div class=\"wp-block-embed__wrapper\">\n<div class=\"twitter-tweet\"><blockquote class=\"twitter-tweet\" data-lang=\"es\"><p lang=\"es\" dir=\"ltr\"><a href=\"https:\/\/twitter.com\/hashtag\/%C3%9AltimoMinuto?src=hash&amp;ref_src=twsrc%5Etfw\">#\u00daltimoMinuto<\/a> <br>Comienzan las primeras confrontaciones entre polic\u00edas municipales del <a href=\"https:\/\/twitter.com\/MunicipioOaxaca?ref_src=twsrc%5Etfw\">@MunicipioOaxaca<\/a> y comerciantes ambulantes, en la esquina de la calle Las Casas y J. P. Garc\u00eda, centro de la ciudad de <a href=\"https:\/\/twitter.com\/hashtag\/Oaxaca?src=hash&amp;ref_src=twsrc%5Etfw\">#Oaxaca<\/a>. <a href=\"https:\/\/t.co\/l0tXmZEwS6\">pic.twitter.com\/l0tXmZEwS6<\/a><\/p>&mdash; Zona Roja Oaxaca (@Zona_Roja_Oax) <a href=\"https:\/\/twitter.com\/Zona_Roja_Oax\/status\/1454080936673353737?ref_src=twsrc%5Etfw\">29 de octubre de 2021<\/a><\/blockquote><\/div>\n<\/div><\/figure>\n\n\n\n<p>Sin embargo, tras el reproche de ambulantes, por parte de sus dirigentes, entre ellos la priista Carmen Luj\u00e1n, inici\u00f3 la refriega, con palos y piedras.<\/p>\n\n\n\n<p>En la esquina de Las Casas y J. P. Garc\u00eda recrudeci\u00f3 por unos minutos la refriega, luego que los comerciantes \u201ctomaran\u201d un autob\u00fas de pasaje, que pretend\u00edan incendiar.<\/p>\n\n\n\n<p>Pese a la resistencia, al filo de las diez de la ma\u00f1ana lleg\u00f3 la calma. Aunque por unos minutos. <\/p>\n\n\n\n<p>Los ambulantes se replegaron para tomar fuerza, y \u201ctomar\u201d camiones, los que utilizaron para bloquear vialidades en el centro.<\/p>\n\n\n\n<p>La reyerta estuvo a punto de reiniciar, mientras los polic\u00edas se apoderaban de las calles ya libres. Sin embargo, los informales optaron por el retiro\u2026 moment\u00e1neo. <\/p>\n\n\n\n<p>Tras ello en tropel acudieron al palacio municipal e hicieron de la Plaza de la Danza su cuartel. <\/p>\n\n\n\n<p>Gritos, consignas, reclamos contra Oswaldo Garc\u00eda Jarqu\u00edn. Amenazas de enfrentamientos, pero nada m\u00e1s. <\/p>\n\n\n\n<p>Por lo pronto, un grupo de \u201ccholos\u201d arrib\u00f3 en respaldo a los comerciantes informales. Y est\u00e1n a la espera de las instrucciones. <\/p>\n\n\n\n<p><\/p>\n\n\n\n<figure class=\"wp-block-embed is-type-rich is-provider-twitter wp-block-embed-twitter\"><div class=\"wp-block-embed__wrapper\">\n<div class=\"twitter-tweet\"><blockquote class=\"twitter-tweet\" data-lang=\"es\"><p lang=\"es\" dir=\"ltr\"><a href=\"https:\/\/twitter.com\/hashtag\/%C3%9AltimoMinuto?src=hash&amp;ref_src=twsrc%5Etfw\">#\u00daltimoMinuto<\/a> <br>Tras la advertencia de inspectores y polic\u00edas municipales del <a href=\"https:\/\/twitter.com\/MunicipioOaxaca?ref_src=twsrc%5Etfw\">@MunicipioOaxaca<\/a>, inicia el desalojo de vendedores ambulantes en las calles de Flores Mag\u00f3n y Las Casas, Centro Hist\u00f3rico de la capital de <a href=\"https:\/\/twitter.com\/hashtag\/Oaxaca?src=hash&amp;ref_src=twsrc%5Etfw\">#Oaxaca<\/a>. <a href=\"https:\/\/t.co\/tjnffsVk69\">pic.twitter.com\/tjnffsVk69<\/a><\/p>&mdash; Zona Roja Oaxaca (@Zona_Roja_Oax) <a href=\"https:\/\/twitter.com\/Zona_Roja_Oax\/status\/1454075104875397125?ref_src=twsrc%5Etfw\">29 de octubre de 2021<\/a><\/blockquote><\/div>\n<\/div><\/figure>\n","protected":false},"excerpt":{"rendered":"<p>Redacci\u00f3n\/Zona Roja. Oaxaca de Ju\u00e1rez, Oax., 29 de octubre de 2021.- \u201c\u00a1Tienen la posibilidad de&hellip;<\/p>\n","protected":false},"author":2,"featured_media":33696,"comment_status":"closed","ping_status":"open","sticky":false,"template":"","format":"standard","meta":{"_lmt_disableupdate":"","_lmt_disable":"","_jetpack_memberships_contains_paid_content":false,"footnotes":""},"categories":[109,47],"tags":[2315],"class_list":["post-33695","post","type-post","status-publish","format-standard","has-post-thumbnail","hentry","category-minuto-a-minuto","category-zona-gris","tag-ayuntamiento-de-oaxaca-de-juarez"],"jetpack_featured_media_url":"https:\/\/zonaroja.com.mx\/wp-content\/uploads\/2021\/10\/Desalojo-policias-ambulantes-Oaxaca.jpg","jetpack_sharing_enabled":true,"_links":{"self":[{"href":"https:\/\/zonaroja.com.mx\/index.php?rest_route=\/wp\/v2\/posts\/33695","targetHints":{"allow":["GET"]}}],"collection":[{"href":"https:\/\/zonaroja.com.mx\/index.php?rest_route=\/wp\/v2\/posts"}],"about":[{"href":"https:\/\/zonaroja.com.mx\/index.php?rest_route=\/wp\/v2\/types\/post"}],"author":[{"embeddable":true,"href":"https:\/\/zonaroja.com.mx\/index.php?rest_route=\/wp\/v2\/users\/2"}],"replies":[{"embeddable":true,"href":"https:\/\/zonaroja.com.mx\/index.php?rest_route=%2Fwp%2Fv2%2Fcomments&post=33695"}],"version-history":[{"count":2,"href":"https:\/\/zonaroja.com.mx\/index.php?rest_route=\/wp\/v2\/posts\/33695\/revisions"}],"predecessor-version":[{"id":33698,"href":"https:\/\/zonaroja.com.mx\/index.php?rest_route=\/wp\/v2\/posts\/33695\/revisions\/33698"}],"wp:featuredmedia":[{"embeddable":true,"href":"https:\/\/zonaroja.com.mx\/index.php?rest_route=\/wp\/v2\/media\/33696"}],"wp:attachment":[{"href":"https:\/\/zonaroja.com.mx\/index.php?rest_route=%2Fwp%2Fv2%2Fmedia&parent=33695"}],"wp:term":[{"taxonomy":"category","embeddable":true,"href":"https:\/\/zonaroja.com.mx\/index.php?rest_route=%2Fwp%2Fv2%2Fcategories&post=33695"},{"taxonomy":"post_tag","embeddable":true,"href":"https:\/\/zonaroja.com.mx\/index.php?rest_route=%2Fwp%2Fv2%2Ftags&post=33695"}],"curies":[{"name":"wp","href":"https:\/\/api.w.org\/{rel}","templated":true}]}}