{"id":33703,"date":"2021-10-29T14:51:58","date_gmt":"2021-10-29T19:51:58","guid":{"rendered":"https:\/\/www.zonaroja.com.mx\/?p=33703"},"modified":"2021-10-29T14:52:00","modified_gmt":"2021-10-29T19:52:00","slug":"crimen-de-estado-masacre-e-incendio-de-viviendas-en-atatlahuca","status":"publish","type":"post","link":"https:\/\/zonaroja.com.mx\/?p=33703","title":{"rendered":"Crimen de Estado, masacre e incendio de viviendas en Atatlahuca"},"content":{"rendered":"\n<p><\/p>\n\n\n\n<p>Evlin Arag\u00f3n\/Zona Roja.&nbsp;<\/p>\n\n\n\n<p>Oaxaca de Ju\u00e1rez, Oax.. 29 de octubre de 2021.-&nbsp;Un aproximado de 300 personas desplazadas, 120 casas quemadas, cuatro personas desaparecidas y una persona asesinada fue el saldo de los ataques armados que se registraron en el municipio de San Esteban Atatlahuaca, en contra de la poblaci\u00f3n de Mier y Ter\u00e1n, Guerrero Grande, y Ndoyonoyuji.&nbsp;<\/p>\n\n\n\n<p>Lo anterior oblig\u00f3 la instalaci\u00f3n de un refugio en la comunidad de Mier y Ter\u00e1n, donde se encuentran un aproximado de cien personas, dentro de ellas mujeres, ni\u00f1as, ni\u00f1os y personas ancianas, quienes carecen de alimentos y ropa extra, ya que solo cuentan con la que llevaban puesta al momento del desalojo violento.<\/p>\n\n\n\n<p>Mientras que, en Guerrero Grande un grupo indeterminado de personas se refugi\u00f3 en las pocas viviendas que no fueron quemadas y padecen hambre ya que fueron quemadas todas las tiendas de la localidad.&nbsp;<\/p>\n\n\n\n<p>As\u00ed lo dio a conocer Maurilio&nbsp;Santiago Reyes, representante del Centro de Derechos Humanos y Asesor\u00eda a Pueblos Ind\u00edgenas (Cedhapi) que, junto con la Fiscal\u00eda y la Defensor\u00eda de los Derechos Humanos del Pueblo de Oaxaca (DDHPO), realiz\u00f3 una visita al lugar de los hechos.&nbsp;<\/p>\n\n\n\n<p>De acuerdo con el defensor, en los alrededores de la comunidad de Guerrero Grande, incluida la iglesia y el Palacio Municipal se encontraron casquillos de diversos calibres que dejan sin ninguna duda el ataque armado del que fue v\u00edctima la poblaci\u00f3n.&nbsp;&nbsp;<\/p>\n\n\n\n<p>As\u00ed mismo se constat\u00f3 la quema de viviendas en cuyo interior se encontraron elementos bal\u00edsticos y restos \u00f3seos que dan muestra de la masacre, as\u00ed como otros indicios que pueden ayudar a identificar a las personas que se encuentran en calidad de desaparecidas.&nbsp;<\/p>\n\n\n\n<p>Y es que de acuerdo con la informaci\u00f3n recabada Mayolo Quiroz Barrios, Miguel Bautista Avenda\u00f1o, Marcos Quiroz Ria\u00f1o y Donato Bautista Avenda\u00f1o todos de la comunidad de Guerrero Grande, San Esteban Atatlahuca, permanecen sin ser localizados.&nbsp;&nbsp;<\/p>\n\n\n\n<p>Como parte de la visita se hizo el levantamiento del cad\u00e1ver del se\u00f1or Isidoro Hern\u00e1ndez, de 49 a\u00f1os de edad, quien ten\u00eda impactos de bala y se\u00f1ales de tortura, quien era originario de la comunidad de Mier y Ter\u00e1n.&nbsp;<\/p>\n\n\n\n<p>Los da\u00f1os incluyen m\u00e1s de seis veh\u00edculos siniestrados, los cuales cuentan con impactos de arma de fuego y fueron incendiados con grandes cantidades de gasolina; as\u00ed como el saqueo de la tienda Diconsa, ubicada en Guerrero Grande, que surte de productos de la canasta b\u00e1sica a la poblaci\u00f3n.&nbsp;&nbsp;<\/p>\n\n\n\n<p>Las comunidades ind\u00edgenas mixtecas de Mier y Ter\u00e1n, Guerrero Grande, y Ndoyonoyuji son las m\u00e1s grandes del municipio de San Esteban Atatlahuca; sus pobladores ancestralmente han defendido sus bosques de diversas empresas madereras de la regi\u00f3n.<\/p>\n\n\n\n<p>\u201cFue un crimen de Estado, fue una acci\u00f3n por omisi\u00f3n\u201d, recalc\u00f3 Maurilio Santiago, al anunciar que interpondr\u00e1 una denuncia en contra de funcionarios que fueron omisos para atender la problem\u00e1tica, informada con anticipaci\u00f3n.&nbsp;<\/p>\n\n\n\n<p>En tanto, los asistentes a la conferencia de prensa, familiares de los desaparecidos, coincidieron en se\u00f1alar al edil de Atatlahuca, Rogelio Bautista Barrios, de ser responsable de la violencia en la zona. <\/p>\n","protected":false},"excerpt":{"rendered":"<p>Evlin Arag\u00f3n\/Zona Roja.&nbsp; Oaxaca de Ju\u00e1rez, Oax.. 29 de octubre de 2021.-&nbsp;Un aproximado de 300&hellip;<\/p>\n","protected":false},"author":2,"featured_media":33702,"comment_status":"closed","ping_status":"open","sticky":false,"template":"","format":"standard","meta":{"_lmt_disableupdate":"","_lmt_disable":"","_jetpack_memberships_contains_paid_content":false,"footnotes":""},"categories":[1,47],"tags":[1025],"class_list":["post-33703","post","type-post","status-publish","format-standard","has-post-thumbnail","hentry","category-sin-categoria","category-zona-gris","tag-san-esteban-atatlahuca"],"jetpack_featured_media_url":"https:\/\/zonaroja.com.mx\/wp-content\/uploads\/2021\/10\/img_8068.jpg","jetpack_sharing_enabled":true,"_links":{"self":[{"href":"https:\/\/zonaroja.com.mx\/index.php?rest_route=\/wp\/v2\/posts\/33703","targetHints":{"allow":["GET"]}}],"collection":[{"href":"https:\/\/zonaroja.com.mx\/index.php?rest_route=\/wp\/v2\/posts"}],"about":[{"href":"https:\/\/zonaroja.com.mx\/index.php?rest_route=\/wp\/v2\/types\/post"}],"author":[{"embeddable":true,"href":"https:\/\/zonaroja.com.mx\/index.php?rest_route=\/wp\/v2\/users\/2"}],"replies":[{"embeddable":true,"href":"https:\/\/zonaroja.com.mx\/index.php?rest_route=%2Fwp%2Fv2%2Fcomments&post=33703"}],"version-history":[{"count":1,"href":"https:\/\/zonaroja.com.mx\/index.php?rest_route=\/wp\/v2\/posts\/33703\/revisions"}],"predecessor-version":[{"id":33704,"href":"https:\/\/zonaroja.com.mx\/index.php?rest_route=\/wp\/v2\/posts\/33703\/revisions\/33704"}],"wp:featuredmedia":[{"embeddable":true,"href":"https:\/\/zonaroja.com.mx\/index.php?rest_route=\/wp\/v2\/media\/33702"}],"wp:attachment":[{"href":"https:\/\/zonaroja.com.mx\/index.php?rest_route=%2Fwp%2Fv2%2Fmedia&parent=33703"}],"wp:term":[{"taxonomy":"category","embeddable":true,"href":"https:\/\/zonaroja.com.mx\/index.php?rest_route=%2Fwp%2Fv2%2Fcategories&post=33703"},{"taxonomy":"post_tag","embeddable":true,"href":"https:\/\/zonaroja.com.mx\/index.php?rest_route=%2Fwp%2Fv2%2Ftags&post=33703"}],"curies":[{"name":"wp","href":"https:\/\/api.w.org\/{rel}","templated":true}]}}