{"id":33713,"date":"2021-10-29T21:35:57","date_gmt":"2021-10-30T02:35:57","guid":{"rendered":"http:\/\/www.zonaroja.com.mx\/?p=33713"},"modified":"2021-10-29T21:36:00","modified_gmt":"2021-10-30T02:36:00","slug":"indagan-feminicidio-en-muerte-de-una-joven-en-la-ciudad-de-oaxaca","status":"publish","type":"post","link":"https:\/\/zonaroja.com.mx\/?p=33713","title":{"rendered":"Indagan feminicidio en muerte de una joven en la ciudad de Oaxaca"},"content":{"rendered":"\n<p>Redacci\u00f3n\/Zona Roja.<\/p>\n\n\n\n<p>Oaxaca de Ju\u00e1rez, Oax., 29 de octubre de 2021.- La Fiscal\u00eda General del Estado de Oaxaca indaga como probable feminicidio el caso de la joven que muri\u00f3 la noche del mi\u00e9rcoles, al caer de una barda a la carretera al cerro del \u201cFort\u00edn\u201d, ciudad de Oaxaca.<\/p>\n\n\n\n<p>La v\u00edctima fue identificada como Nieves Alejandra J. B., de 29 a\u00f1os de edad, quien tuvo su domicilio en la colonia El Periodista en la ciudad de Oaxaca y era originaria de Santa Mar\u00eda El Tule.<\/p>\n\n\n\n<p>Hasta el momento se desconoce si la persona del sexo masculino con la que platicaba o conviv\u00eda, la empuj\u00f3 o tuvieron alguna discusi\u00f3n; tambi\u00e9n se investiga si fue producto del consumo de bebidas alcoh\u00f3licas, pues en el lugar fueron hallados envases de bebidas.<\/p>\n\n\n\n<p>Los hechos sucedieron alrededor de las 23:00 horas del pasado mi\u00e9rcoles, en que la joven al parecer conviv\u00eda con otra persona, pero supuestamente resbal\u00f3 de la barda de la explanada del monumento a don Benito Ju\u00e1rez y cay\u00f3 a una altura aproximada de 10 metros.<\/p>\n\n\n\n<p>Persona de la Cruz Roja arrib\u00f3 al lugar y confirm\u00f3 que la mujer ya se encontraba sin signos vitales.<\/p>\n\n\n\n<p>Durante la inspecci\u00f3n no se le encontr\u00f3 alguna identificaci\u00f3n y por lo cual el cuerpo sin vida fue trasladado al anfiteatro del Instituto de Servicios Periciales en San Bartolo Coyotepec, donde se le practic\u00f3 la necropsia de ley.<\/p>\n\n\n\n<p>En el lugar, los polic\u00edas observaron que hab\u00eda una lata de cerveza y presumen que podr\u00eda ser de la empleada de la farmacia y que habr\u00eda estado conviviendo con otra persona.<\/p>\n\n\n\n<p>Testigos dijeron que estaba un var\u00f3n en el lugar y que despu\u00e9s baj\u00f3, vio el cuerpo y se retir\u00f3 del lugar.<\/p>\n\n\n\n<p>Durante la pr\u00e1ctica de la necropsia de ley arroj\u00f3 que fue traumatismo craneoencef\u00e1lico profundo con hemorragia cerebral y cerebelo, fractura de piso medio y ambos temporales provocado por ca\u00edda por precipitaci\u00f3n. Politraumatismo fractura de t\u00f3rax derecho.<\/p>\n\n\n\n<p>La joven cay\u00f3 de cabeza y a consecuencia de ello perdi\u00f3 sufri\u00f3 traumatismo.<\/p>\n\n\n\n<p>Ante el agente del Ministerio P\u00fablico compareci\u00f3 Luis E.J., para reclamar el cuerpo sin vida de su hermana, indicando que viv\u00eda en la colonia El Periodista en la ciudad de Oaxaca, pero originaria de Santa Mar\u00eda El Tule, donde ser\u00e1 trasladado el cuerpo para ser velado y darle cristiana sepultura de acuerdo con las tradiciones.<\/p>\n\n\n\n<p>Asimismo, Nieves Alejandra estaba casada y dej\u00f3 en la orfandad a dos menores de edad.<\/p>\n","protected":false},"excerpt":{"rendered":"<p>Redacci\u00f3n\/Zona Roja. Oaxaca de Ju\u00e1rez, Oax., 29 de octubre de 2021.- La Fiscal\u00eda General del&hellip;<\/p>\n","protected":false},"author":2,"featured_media":33653,"comment_status":"closed","ping_status":"open","sticky":false,"template":"","format":"standard","meta":{"_lmt_disableupdate":"","_lmt_disable":"","_jetpack_memberships_contains_paid_content":false,"footnotes":""},"categories":[109,47],"tags":[2934],"class_list":["post-33713","post","type-post","status-publish","format-standard","has-post-thumbnail","hentry","category-minuto-a-minuto","category-zona-gris","tag-nieves-alejandra-j-b"],"jetpack_featured_media_url":"https:\/\/zonaroja.com.mx\/wp-content\/uploads\/2021\/10\/Mujer-muere-carretera-cerro-Fortin.jpg","jetpack_sharing_enabled":true,"_links":{"self":[{"href":"https:\/\/zonaroja.com.mx\/index.php?rest_route=\/wp\/v2\/posts\/33713","targetHints":{"allow":["GET"]}}],"collection":[{"href":"https:\/\/zonaroja.com.mx\/index.php?rest_route=\/wp\/v2\/posts"}],"about":[{"href":"https:\/\/zonaroja.com.mx\/index.php?rest_route=\/wp\/v2\/types\/post"}],"author":[{"embeddable":true,"href":"https:\/\/zonaroja.com.mx\/index.php?rest_route=\/wp\/v2\/users\/2"}],"replies":[{"embeddable":true,"href":"https:\/\/zonaroja.com.mx\/index.php?rest_route=%2Fwp%2Fv2%2Fcomments&post=33713"}],"version-history":[{"count":1,"href":"https:\/\/zonaroja.com.mx\/index.php?rest_route=\/wp\/v2\/posts\/33713\/revisions"}],"predecessor-version":[{"id":33715,"href":"https:\/\/zonaroja.com.mx\/index.php?rest_route=\/wp\/v2\/posts\/33713\/revisions\/33715"}],"wp:featuredmedia":[{"embeddable":true,"href":"https:\/\/zonaroja.com.mx\/index.php?rest_route=\/wp\/v2\/media\/33653"}],"wp:attachment":[{"href":"https:\/\/zonaroja.com.mx\/index.php?rest_route=%2Fwp%2Fv2%2Fmedia&parent=33713"}],"wp:term":[{"taxonomy":"category","embeddable":true,"href":"https:\/\/zonaroja.com.mx\/index.php?rest_route=%2Fwp%2Fv2%2Fcategories&post=33713"},{"taxonomy":"post_tag","embeddable":true,"href":"https:\/\/zonaroja.com.mx\/index.php?rest_route=%2Fwp%2Fv2%2Ftags&post=33713"}],"curies":[{"name":"wp","href":"https:\/\/api.w.org\/{rel}","templated":true}]}}