{"id":33718,"date":"2021-10-29T22:11:56","date_gmt":"2021-10-30T03:11:56","guid":{"rendered":"http:\/\/www.zonaroja.com.mx\/?p=33718"},"modified":"2021-10-29T22:11:59","modified_gmt":"2021-10-30T03:11:59","slug":"oaxaca-pasara-fiestas-de-dia-de-muertos-en-semaforo-verde-de-covid","status":"publish","type":"post","link":"https:\/\/zonaroja.com.mx\/?p=33718","title":{"rendered":"Oaxaca pasar\u00e1 fiestas de D\u00eda de Muertos en sem\u00e1foro verde de Covid"},"content":{"rendered":"\n<p>Redacci\u00f3n\/Zona Roja.<\/p>\n\n\n\n<p>Oaxaca de Ju\u00e1rez, Oax., 29 de octubre de 2021.- Los Servicios de Salud de Oaxaca (SSO) informaron este viernes que, de acuerdo a la semaforizaci\u00f3n de riesgo por Covid-19 emitida por el Gobierno Federal, la entidad seguir\u00e1 en color verde dos semanas m\u00e1s, es decir, del 1 al 14 de noviembre del a\u00f1o en curso.<\/p>\n\n\n\n<p>Por lo cual, la dependencia exhorta a la poblaci\u00f3n a reforzar las medidas sanitarias y de protecci\u00f3n, as\u00ed como evitar lugares aglomerados y poco ventilados durante las festividades por D\u00eda de Muertos, ya que en Oaxaca contin\u00faan los contagios y fallecimientos a causa del SARS-CoV-2.<\/p>\n\n\n\n<p>Respecto a las estad\u00edsticas estatales de la pandemia, detall\u00f3 que este 29 de octubre se registraron 49 casos nuevos, lo que elev\u00f3 a 81 mil 385 la cifra global de personas con diagn\u00f3stico confirmatorio de esta enfermedad respiratoria.<\/p>\n\n\n\n<p>Adem\u00e1s de 11 defunciones m\u00e1s, para un total de cinco mil 457 lamentables decesos, siendo la zona m\u00e1s afectada Valles Centrales con dos mil 424 muertes, seguido del Istmo con mil 182, as\u00ed como la Mixteca con 558, Tuxtepec 541, Costa 462 y la Sierra con 290 defunciones.<\/p>\n\n\n\n<p>De los casos positivos acumulados, por Jurisdicci\u00f3n Sanitaria 49 mil 404 corresponden a Valles Centrales de los cuales 255 est\u00e1n activos, Istmo con 11 mil 638 acumulados y 71 activos, Tuxtepec con cinco mil 462 acumulados y 48 activos, Costa con cinco mil 758 acumulados y 28 activos, Mixteca con seis mil 259 acumulados y 34 activos, Sierra con dos mil 864 acumulados y 11 activos.<\/p>\n\n\n\n<p>Para un total de 447 personas que presentaron s\u00edntomas en los \u00faltimos 14 d\u00edas; adem\u00e1s de 75 mil 481 las personas recuperadas.<\/p>\n\n\n\n<p>Para esta \u00faltima jornada se cuantificaron 27 municipios con casos nuevos, principalmente Oaxaca de Ju\u00e1rez con 10 contagios, Loma Bonita con seis, Santa Cruz Xoxocotl\u00e1n con cuatro, el resto dos y un caso.<\/p>\n\n\n\n<p>En tanto, en el Sector Salud hay 139 camas ocupadas de las 418 disponibles para atender la pandemia. Este d\u00eda se report\u00f3 el ingreso hospitalario de seis nuevos pacientes y siete hospitales al 100% de saturaci\u00f3n m\u00e9dica. De manera general la red medica se encuentra al 33.3% de ocupaci\u00f3n.<\/p>\n","protected":false},"excerpt":{"rendered":"<p>Redacci\u00f3n\/Zona Roja. Oaxaca de Ju\u00e1rez, Oax., 29 de octubre de 2021.- Los Servicios de Salud&hellip;<\/p>\n","protected":false},"author":2,"featured_media":33719,"comment_status":"closed","ping_status":"open","sticky":false,"template":"","format":"standard","meta":{"_lmt_disableupdate":"","_lmt_disable":"","_jetpack_memberships_contains_paid_content":false,"footnotes":""},"categories":[109,47],"tags":[1512],"class_list":["post-33718","post","type-post","status-publish","format-standard","has-post-thumbnail","hentry","category-minuto-a-minuto","category-zona-gris","tag-coronavirus-oaxaca"],"jetpack_featured_media_url":"https:\/\/zonaroja.com.mx\/wp-content\/uploads\/2021\/10\/SSO-2.jpeg","jetpack_sharing_enabled":true,"_links":{"self":[{"href":"https:\/\/zonaroja.com.mx\/index.php?rest_route=\/wp\/v2\/posts\/33718","targetHints":{"allow":["GET"]}}],"collection":[{"href":"https:\/\/zonaroja.com.mx\/index.php?rest_route=\/wp\/v2\/posts"}],"about":[{"href":"https:\/\/zonaroja.com.mx\/index.php?rest_route=\/wp\/v2\/types\/post"}],"author":[{"embeddable":true,"href":"https:\/\/zonaroja.com.mx\/index.php?rest_route=\/wp\/v2\/users\/2"}],"replies":[{"embeddable":true,"href":"https:\/\/zonaroja.com.mx\/index.php?rest_route=%2Fwp%2Fv2%2Fcomments&post=33718"}],"version-history":[{"count":1,"href":"https:\/\/zonaroja.com.mx\/index.php?rest_route=\/wp\/v2\/posts\/33718\/revisions"}],"predecessor-version":[{"id":33720,"href":"https:\/\/zonaroja.com.mx\/index.php?rest_route=\/wp\/v2\/posts\/33718\/revisions\/33720"}],"wp:featuredmedia":[{"embeddable":true,"href":"https:\/\/zonaroja.com.mx\/index.php?rest_route=\/wp\/v2\/media\/33719"}],"wp:attachment":[{"href":"https:\/\/zonaroja.com.mx\/index.php?rest_route=%2Fwp%2Fv2%2Fmedia&parent=33718"}],"wp:term":[{"taxonomy":"category","embeddable":true,"href":"https:\/\/zonaroja.com.mx\/index.php?rest_route=%2Fwp%2Fv2%2Fcategories&post=33718"},{"taxonomy":"post_tag","embeddable":true,"href":"https:\/\/zonaroja.com.mx\/index.php?rest_route=%2Fwp%2Fv2%2Ftags&post=33718"}],"curies":[{"name":"wp","href":"https:\/\/api.w.org\/{rel}","templated":true}]}}