{"id":33721,"date":"2021-10-30T07:44:02","date_gmt":"2021-10-30T12:44:02","guid":{"rendered":"http:\/\/www.zonaroja.com.mx\/?p=33721"},"modified":"2021-10-30T07:44:06","modified_gmt":"2021-10-30T12:44:06","slug":"supervisan-avances-de-tribunales-locales-laborales-en-oaxaca","status":"publish","type":"post","link":"https:\/\/zonaroja.com.mx\/?p=33721","title":{"rendered":"Supervisan avances de Tribunales Locales Laborales en Oaxaca"},"content":{"rendered":"\n<p>Redacci\u00f3n\/Zona Roja.<\/p>\n\n\n\n<p>Oaxaca de Ju\u00e1rez, Oax. 30 de octubre de 2021.- Con la creaci\u00f3n de Tribunales Locales Laborales y el Centro Federal de Conciliaci\u00f3n y Registro Laboral, Oaxaca est\u00e1 lista para iniciar la segunda etapa de la reforma electoral, aseguraron autoridades estatales y federales.<\/p>\n\n\n\n<p>Ayer viernes, la secretaria del Trabajo federal, Luisa Mar\u00eda Alcalde; el gobernador Alejandro Murat Hinojosa, y el presidente del Poder Judicial del Estado, Eduardo Pinacho S\u00e1nchez, supervisaron los avances en la materia, a fin de que inicien las actividades el pr\u00f3ximo 3 de noviembre.<\/p>\n\n\n\n<p>De acuerdo con un comunicado de prensa, en el encuentro, el mandatario estatal expres\u00f3 que esta nueva reforma laboral impulsada por el presidente Andr\u00e9s Manuel L\u00f3pez Obrador, va de la mano con los grandes proyectos de desarrollo para Oaxaca y para el sureste de M\u00e9xico.<\/p>\n\n\n\n<p>Ya que con esta inversi\u00f3n se mejora la funcionalidad en varias \u00e1reas del derecho porque se est\u00e1n generando espacios dignos para un tema que es hist\u00f3ricamente de mucha importancia en Oaxaca y que con esta reforma se ofrecer\u00e1 mayor certeza y gobernabilidad en el estado.<\/p>\n\n\n\n<p>\u201cOaxaca est\u00e1 lista para arrancar la segunda etapa de la reforma laboral el pr\u00f3ximo 3 de noviembre. Aqu\u00ed los poderes p\u00fablicos hemos hecho equipo y hemos hecho lo que nos toca para hacer posible la implementaci\u00f3n de este nuevo modelo de democracia y justicia entre y para las y los trabajadores\u201d, se\u00f1al\u00f3.<\/p>\n\n\n\n<p>Detallaron que los Tribunales Locales Laborales del Estado de Oaxaca que inician operaciones, se ubican en Santa Mar\u00eda Ixcotel, Santa Mar\u00eda Huatulco y la Heroica Ciudad de Juchit\u00e1n de Zaragoza, en los que se invirti\u00f3 un monto de casi 16 millones de pesos en trabajos de construcci\u00f3n, adecuaci\u00f3n, adaptaci\u00f3n de inmuebles, mobiliario y tecnolog\u00edas de la informaci\u00f3n.<\/p>\n\n\n\n<p>En tanto, la secretaria del Trabajo y Previsi\u00f3n Social, Luisa Mar\u00eda Alcalde Luj\u00e1n, reconoci\u00f3 la disposici\u00f3n del Gobierno del Estado para cristalizar la segunda etapa de esta reforma, en aras de dignificar a los trabajadores y a los empleadores, con el compromiso de continuar con la coordinaci\u00f3n de trabajos para poner en marcha este nuevo modelo de impartici\u00f3n de justicia.<\/p>\n\n\n\n<figure class=\"wp-block-embed-twitter wp-block-embed is-type-rich is-provider-twitter\"><div class=\"wp-block-embed__wrapper\">\n<div class=\"twitter-tweet\"><blockquote class=\"twitter-tweet\" data-lang=\"es\"><p lang=\"es\" dir=\"ltr\"><a href=\"https:\/\/twitter.com\/hashtag\/%C3%9AltimoMinuto?src=hash&amp;ref_src=twsrc%5Etfw\">#\u00daltimoMinuto<\/a> <br>El titular del Poder Judicial de <a href=\"https:\/\/twitter.com\/hashtag\/Oaxaca?src=hash&amp;ref_src=twsrc%5Etfw\">#Oaxaca<\/a>, Eduardo Pinacho S\u00e1nchez; el gobernador <a href=\"https:\/\/twitter.com\/alejandromurat?ref_src=twsrc%5Etfw\">@alejandromurat<\/a> y la secretaria de Trabajo, <a href=\"https:\/\/twitter.com\/LuisaAlcalde?ref_src=twsrc%5Etfw\">@LuisaAlcalde<\/a>, realizaron hoy un recorrido por los Juzgados Laborales y el Centro de Conciliaci\u00f3n, a inaugurarse este 3 de noviembre. <a href=\"https:\/\/t.co\/AdCL0T0Q5z\">pic.twitter.com\/AdCL0T0Q5z<\/a><\/p>&mdash; Zona Roja Oaxaca (@Zona_Roja_Oax) <a href=\"https:\/\/twitter.com\/Zona_Roja_Oax\/status\/1454241099011301381?ref_src=twsrc%5Etfw\">30 de octubre de 2021<\/a><\/blockquote><\/div>\n<\/div><\/figure>\n\n\n\n<p>\u201cCon los ejemplos que tenemos en ocho entidades federativas del pa\u00eds en las que ya est\u00e1 funcionando esta reforma, nos brindan la confianza de que el modelo funciona, pues se est\u00e1 logrando la conciliaci\u00f3n por arriba del 70% de los asuntos y cuando pasan a tribunales se est\u00e1n resolviendo en menos de cuatro meses\u201d, extern\u00f3 al dar a conocer que se est\u00e1 pasando de un modelo de ocho a\u00f1os en promedio a cuatro meses, es decir, 48 d\u00edas en la conciliaci\u00f3n en la enorme mayor\u00eda de los casos.<\/p>\n\n\n\n<p>Por otra parte, el presidente del Tribunal Superior de Justicia del Estado, Eduardo Pinacho S\u00e1nchez extern\u00f3 que la ejecuci\u00f3n de los recursos destinados para los Tribunales Locales Laborales del Estado de Oaxaca y el Centro Federal de Conciliaci\u00f3n y Registro Laboral se ejercieron con total transparencia, con la finalidad de que se ofrezca una impartici\u00f3n de justicia r\u00e1pida, breve, eficiente y responsable.<\/p>\n\n\n\n<p>Con el Decreto publicado el 1 de mayo del 2019, se reformaron diversas disposiciones de la Ley Federal del Trabajo, una reforma basada en tres pilares fundamentales: un nuevo Sistema de Justicia Laboral, en el que antes de demandar, ser\u00e1 obligatorio intentar alcanzar un acuerdo a trav\u00e9s de los Centros de Conciliaci\u00f3n Laboral, de no lograr conciliar, las partes podr\u00e1n acudir a los Tribunales Laborales dependientes del Poder Judicial, con juicios orales, \u00e1giles, modernos y en presencia de un Juez, desapareciendo las Juntas de Conciliaci\u00f3n y Arbitraje.<\/p>\n\n\n\n<p>Adem\u00e1s, se distingue por la libertad y democracia sindical, debido a que los trabajadores podr\u00e1n decidir, sin discriminaci\u00f3n ni represalias si desean afiliarse a un sindicato, cambiar de sindicato o no pertenecer a ninguno. Asimismo, podr\u00e1n participar en las decisiones de su sindicato a trav\u00e9s del voto personal, libre, directo y secreto, entre otros procesos democr\u00e1ticos.<\/p>\n\n\n\n<p>Y el Centro Federal de Conciliaci\u00f3n y Registro Laboral ser\u00e1 un organismo p\u00fablico responsable de la conciliaci\u00f3n laboral en materia federal, del registro sindical de asociaciones, contratos colectivos, contratos-ley y reglamentos interiores de trabajo a nivel nacional, y de verificaci\u00f3n y seguimiento de procesos de democracia sindical.<\/p>\n","protected":false},"excerpt":{"rendered":"<p>Redacci\u00f3n\/Zona Roja. Oaxaca de Ju\u00e1rez, Oax. 30 de octubre de 2021.- Con la creaci\u00f3n de&hellip;<\/p>\n","protected":false},"author":2,"featured_media":33722,"comment_status":"closed","ping_status":"open","sticky":false,"template":"","format":"standard","meta":{"_lmt_disableupdate":"","_lmt_disable":"","_jetpack_memberships_contains_paid_content":false,"footnotes":""},"categories":[109,46],"tags":[173],"class_list":["post-33721","post","type-post","status-publish","format-standard","has-post-thumbnail","hentry","category-minuto-a-minuto","category-zona-blanca","tag-alejandro-murat-hinojosa"],"jetpack_featured_media_url":"https:\/\/zonaroja.com.mx\/wp-content\/uploads\/2021\/10\/Poder-Judicial-de-Oaxaca-y-Secretaria-del-Trabajo-gobernador-Murat.jpg","jetpack_sharing_enabled":true,"_links":{"self":[{"href":"https:\/\/zonaroja.com.mx\/index.php?rest_route=\/wp\/v2\/posts\/33721","targetHints":{"allow":["GET"]}}],"collection":[{"href":"https:\/\/zonaroja.com.mx\/index.php?rest_route=\/wp\/v2\/posts"}],"about":[{"href":"https:\/\/zonaroja.com.mx\/index.php?rest_route=\/wp\/v2\/types\/post"}],"author":[{"embeddable":true,"href":"https:\/\/zonaroja.com.mx\/index.php?rest_route=\/wp\/v2\/users\/2"}],"replies":[{"embeddable":true,"href":"https:\/\/zonaroja.com.mx\/index.php?rest_route=%2Fwp%2Fv2%2Fcomments&post=33721"}],"version-history":[{"count":1,"href":"https:\/\/zonaroja.com.mx\/index.php?rest_route=\/wp\/v2\/posts\/33721\/revisions"}],"predecessor-version":[{"id":33723,"href":"https:\/\/zonaroja.com.mx\/index.php?rest_route=\/wp\/v2\/posts\/33721\/revisions\/33723"}],"wp:featuredmedia":[{"embeddable":true,"href":"https:\/\/zonaroja.com.mx\/index.php?rest_route=\/wp\/v2\/media\/33722"}],"wp:attachment":[{"href":"https:\/\/zonaroja.com.mx\/index.php?rest_route=%2Fwp%2Fv2%2Fmedia&parent=33721"}],"wp:term":[{"taxonomy":"category","embeddable":true,"href":"https:\/\/zonaroja.com.mx\/index.php?rest_route=%2Fwp%2Fv2%2Fcategories&post=33721"},{"taxonomy":"post_tag","embeddable":true,"href":"https:\/\/zonaroja.com.mx\/index.php?rest_route=%2Fwp%2Fv2%2Ftags&post=33721"}],"curies":[{"name":"wp","href":"https:\/\/api.w.org\/{rel}","templated":true}]}}