{"id":33737,"date":"2021-10-30T12:07:09","date_gmt":"2021-10-30T17:07:09","guid":{"rendered":"http:\/\/www.zonaroja.com.mx\/?p=33737"},"modified":"2021-10-30T12:07:12","modified_gmt":"2021-10-30T17:07:12","slug":"la-justicia-que-no-llego-para-ivanna-omision-corrupcion-y-violencia-la-constante","status":"publish","type":"post","link":"https:\/\/zonaroja.com.mx\/?p=33737","title":{"rendered":"La justicia que no lleg\u00f3 para Ivanna: omisi\u00f3n, corrupci\u00f3n y violencia, la constante"},"content":{"rendered":"\n<p>Evlin Arag\u00f3nZona Roja.<\/p>\n\n\n\n<p>Oaxaca de Ju\u00e1rez, Oax., 30 de octubre de 2021.- Pese a que ya fue designado el pago de la reparaci\u00f3n del da\u00f1o, el caso de Ivanna Mingo, fallecida en octubre del 2018, qued\u00f3 en la m\u00e1s absoluta impunidad, toda vez que Alfredo Delgado Cervantes fue favorecido con una suspensi\u00f3n condicional del proceso, debido a la presunta protecci\u00f3n con la que cont\u00f3 por parte de la Fiscal\u00eda de Oaxaca y de integrantes del Partido Revolucionario Institucional.\u00a0<\/p>\n\n\n\n<p>As\u00ed lo dio a conocer ayer en conferencia de prensa Jos\u00e9 Manuel L\u00f3pez Ramos, t\u00edo de la joven, quien encabeza desde hace tres a\u00f1os una lucha para acceder a la justicia que nunca lleg\u00f3 debido al tr\u00e1fico de influencias en el que estuvieron directamente involucrados Rebeca Leticia Cervantes Navarro, madre del imputado y extitular de la Profeco.<\/p>\n\n\n\n<p>Asimismo, Rub\u00e9n Vasconcelos M\u00e9ndez, exfiscal y ahora titular de la Secretar\u00eda de Bienestar; y Alejandro Magno Gonz\u00e1lez Antonio exvicefiscal y ahora magistrado del Tribunal Superior de Justicia del Estado de Oaxaca (TSJO).<\/p>\n\n\n\n<p>De acuerdo con la abogada de Consorcio Oaxaca, Lourdes Velasco L\u00f3pez, en el caso existe una evidente cadena de omisi\u00f3n, corrupci\u00f3n y violencia institucional en contra de la familia y de la v\u00edctima a quien se le neg\u00f3 todo acceso a la justicia, dado que a Ivana la dejaron morir sin ning\u00fan auxilio m\u00e9dico.<\/p>\n\n\n\n<p>\u201cSe advierte que hubo una instrucci\u00f3n para que este caso no caminara, y es que, aunque por ley toda muerte violenta de una mujer debe ser investigada por feminicidio, eso no sucedi\u00f3. \u00c9sta y otras omisiones se traducen en violencia institucional y abuso de autoridad por parte de la Fiscal\u00eda General\u201d, dijo.&nbsp;<\/p>\n\n\n\n<p>Para la abogada, es evidente la falta de trabajo de investigaci\u00f3n por parte de la Fiscal\u00eda que por ley es la que est\u00e1 obligada a probar su acusaci\u00f3n, sin embargo, la instancia omiti\u00f3 llevar a juicio las pruebas que le fueron otorgadas por la familia que hizo el trabajo de manera particular para demostrar el delito que sucedi\u00f3 y no el que las autoridades siguieron por orden de Rub\u00e9n Vasconcelos.&nbsp;<\/p>\n\n\n\n<p>De acuerdo con Jos\u00e9 Manuel L\u00f3pez Ramos ni el cambio de fiscal sirvi\u00f3, toda vez que la obstaculizaci\u00f3n de la justicia y la protecci\u00f3n de Alfredo Delgado Cervantes fue tan profunda que no permiti\u00f3 que los procesos penales realizados de manera particular y presentados por la familia prosperaran.&nbsp;<\/p>\n\n\n\n<p>Por el contrario, al ser acusado de homicidio culposo por accidente de tr\u00e1nsito, la ley otorg\u00f3 al imputado el beneficio de suspensi\u00f3n provisional y fij\u00f3 solo el pago de la reparaci\u00f3n del da\u00f1o, dinero que la familia no est\u00e1 dispuesta a aceptar debido a que no representa un m\u00ednimo de justicia ante las condiciones en las que se llev\u00f3 a cabo el procedimiento jur\u00eddico.&nbsp;<\/p>\n\n\n\n<p>De ah\u00ed que han decidido donar el recurso a Consorcio Oaxaca a fin de que contin\u00fae dando acompa\u00f1amiento psicol\u00f3gico y jur\u00eddico a las v\u00edctimas de la violencia de g\u00e9nero y feminicida en la entidad, pero tambi\u00e9n de las instituciones que manipulan y distorsionan la ley a beneficio, como en el caso de Ivana Mingo.&nbsp;<\/p>\n\n\n\n<p>\u201cEl monto de la reparaci\u00f3n del da\u00f1o se ir\u00eda \u00edntegro a la asociaci\u00f3n civil Consorcio para el Di\u00e1logo Parlamentario y la Equidad Oaxaca, conociendo el trabajo que realiza apoyando a mujeres que han sufrido violencia y que buscan la justicia que las autoridades de Oaxaca le negaron a Silvia Ivanna Mingo L\u00f3pez\u201d; sentenci\u00f3 L\u00f3pez Ramos, que adem\u00e1s detall\u00f3 se trata de la voluntad de la madre de la joven que falleci\u00f3 en el camino de b\u00fasqueda de justicia que no lleg\u00f3.&nbsp;&nbsp;<\/p>\n","protected":false},"excerpt":{"rendered":"<p>Evlin Arag\u00f3nZona Roja. Oaxaca de Ju\u00e1rez, Oax., 30 de octubre de 2021.- Pese a que&hellip;<\/p>\n","protected":false},"author":2,"featured_media":9768,"comment_status":"closed","ping_status":"open","sticky":false,"template":"","format":"standard","meta":{"_lmt_disableupdate":"","_lmt_disable":"","_jetpack_memberships_contains_paid_content":false,"footnotes":""},"categories":[109,47],"tags":[1490],"class_list":["post-33737","post","type-post","status-publish","format-standard","has-post-thumbnail","hentry","category-minuto-a-minuto","category-zona-gris","tag-caso-ivanna-mingo-impune"],"jetpack_featured_media_url":"https:\/\/zonaroja.com.mx\/wp-content\/uploads\/2020\/03\/Caso-Ivanna-Mingo.png","jetpack_sharing_enabled":true,"_links":{"self":[{"href":"https:\/\/zonaroja.com.mx\/index.php?rest_route=\/wp\/v2\/posts\/33737","targetHints":{"allow":["GET"]}}],"collection":[{"href":"https:\/\/zonaroja.com.mx\/index.php?rest_route=\/wp\/v2\/posts"}],"about":[{"href":"https:\/\/zonaroja.com.mx\/index.php?rest_route=\/wp\/v2\/types\/post"}],"author":[{"embeddable":true,"href":"https:\/\/zonaroja.com.mx\/index.php?rest_route=\/wp\/v2\/users\/2"}],"replies":[{"embeddable":true,"href":"https:\/\/zonaroja.com.mx\/index.php?rest_route=%2Fwp%2Fv2%2Fcomments&post=33737"}],"version-history":[{"count":1,"href":"https:\/\/zonaroja.com.mx\/index.php?rest_route=\/wp\/v2\/posts\/33737\/revisions"}],"predecessor-version":[{"id":33738,"href":"https:\/\/zonaroja.com.mx\/index.php?rest_route=\/wp\/v2\/posts\/33737\/revisions\/33738"}],"wp:featuredmedia":[{"embeddable":true,"href":"https:\/\/zonaroja.com.mx\/index.php?rest_route=\/wp\/v2\/media\/9768"}],"wp:attachment":[{"href":"https:\/\/zonaroja.com.mx\/index.php?rest_route=%2Fwp%2Fv2%2Fmedia&parent=33737"}],"wp:term":[{"taxonomy":"category","embeddable":true,"href":"https:\/\/zonaroja.com.mx\/index.php?rest_route=%2Fwp%2Fv2%2Fcategories&post=33737"},{"taxonomy":"post_tag","embeddable":true,"href":"https:\/\/zonaroja.com.mx\/index.php?rest_route=%2Fwp%2Fv2%2Ftags&post=33737"}],"curies":[{"name":"wp","href":"https:\/\/api.w.org\/{rel}","templated":true}]}}