{"id":33742,"date":"2021-10-30T19:16:07","date_gmt":"2021-10-31T00:16:07","guid":{"rendered":"http:\/\/www.zonaroja.com.mx\/?p=33742"},"modified":"2021-10-30T19:16:09","modified_gmt":"2021-10-31T00:16:09","slug":"entregan-funcionarios-malas-cuentas-al-gobernador-tras-gira-en-eu","status":"publish","type":"post","link":"https:\/\/zonaroja.com.mx\/?p=33742","title":{"rendered":"Entregan funcionarios malas cuentas al gobernador, tras gira en EU"},"content":{"rendered":"\n<p>Evlin Arag\u00f3n\/Zona Roja. Foto: Archivo.<\/p>\n\n\n\n<p>Oaxaca de Ju\u00e1rez, Oax., 30 de octubre de 2021.- La estancia del gobernador Alejandro Murat Hinojosa en el extranjero, desde el pasado 22 de octubre, por el \u201cMes de Oaxaca\u201d en Estados Unidos de Norteam\u00e9rica, mostraron la ineficacia de los funcionarios de diversas dependencias del Poder Ejecutivo.<\/p>\n\n\n\n<p>Protestas, bloqueos carreteros, ataques armados y hechos violentos, as\u00ed como los asesinatos y feminicidios que se registraron en una semana, contrastan con la imagen que al exterior se refiere de la entidad, y que exhibi\u00f3 de nueva cuenta la nula gobernabilidad y la ineficacia de la Secretar\u00eda General de Gobierno (Segego), a cargo de Francisco Garc\u00eda L\u00f3pez.<\/p>\n\n\n\n<p>Y es que, el mismo d\u00eda que Murat Hinojosa anunci\u00f3 su estancia en la Uni\u00f3n Americana, se dieron a conocer una serie de hechos violentos en el municipio de San Esteban Atatlahuca, donde de primera cuenta se habl\u00f3 de dos personas fallecidas, el 21 de octubre, cifra que posteriormente subi\u00f3 dos d\u00edas despu\u00e9s a siete &#8211;seg\u00fan los pobladores&#8211;, as\u00ed como decenas de casas quemadas.<\/p>\n\n\n\n<p>Ese viernes 23, el mandatario estatal, acompa\u00f1ado de su esposa Ivette Mor\u00e1n, y el embajador de M\u00e9xico, Esteban Moctezuma, dieron inicio en Nueva York a la presencia de Oaxaca.<\/p>\n\n\n\n<p>El s\u00e1bado, integrantes de la organizaci\u00f3n \u201c23 de Octubre\u201d marcharon por las principales calles de la ciudad para exigir que se esclarezca el asesinato de Heriberto Pazos, y personal despedido del sector salud \u201ctom\u00f3\u201d la caseta de peaje en Huitzo, para insistir en su recontrataci\u00f3n.<\/p>\n\n\n\n<p>Ese d\u00eda, mediante un comunicado, la asociaci\u00f3n civil Cedhapi inform\u00f3 de cinco cr\u00edmenes en localidades de Atatlahuca.<\/p>\n\n\n\n<p>Tambi\u00e9n se registraron balaceras en Santa Cruz G\u00fcendolain y \u00c1nimas Trujano; as\u00ed como un ataque armado directo en contra de un elemento de la Agencia Estatal de Investigaciones en el Centro Hist\u00f3rico.&nbsp;<\/p>\n\n\n\n<p>El domingo 24, un hombre y una mujer fueron asesinados en el municipio de Valle Nacional, mientras que una femenina fue degollada en la localidad de Guadalupe Victoria, del municipio de Santa Mar\u00eda Tlahuitoltepec.<\/p>\n\n\n\n<p>El 25 de octubre, la semana inicio con la movilizaci\u00f3n de transportistas afiliados a la Confederaci\u00f3n de Trabajadores de M\u00e9xico (CTM) quienes \u201ctomaron\u201d las oficinas de la Semarnat y bloquearon la vialidad de acceso a la dependencia, ubicada en la colonia Reforma.<\/p>\n\n\n\n<p>Tambi\u00e9n se report\u00f3 un bloqueo carretero por habitantes de San Marcos Zacatepec a la carretera a R\u00edo Grande, ello para exigir recursos al edil de Santa Catarina Juquila, mismo que cumpl\u00eda ya los ocho d\u00edas sin ser atendido por la autoridad; la interrupci\u00f3n del paso en la carretera internacional Oaxaca-Istmo, en inmediaciones de Juchit\u00e1n de Zaragoza; as\u00ed como la toma de la caseta de peaje \u201cEl Caracol\u201d, de la carretera que divide a Oaxaca con Veracruz.<\/p>\n\n\n\n<p>INTENSAS PROTESTAS<\/p>\n\n\n\n<p>Finalmente, se dio a conocer que, ante la desatenci\u00f3n de la autoridad estatal, pobladores de la Sierra Norte, entre ellos San Melchor Betaza, llevaron su protesta a la Ciudad de M\u00e9xico.<\/p>\n\n\n\n<p>Los bloqueos tampoco descansaron durante el fin de semana y se report\u00f3 activo el instalado previamente en la carretera federal 200, a la altura de San Pedro Huamelula, al igual que en la carretera Juquila-R\u00edo Grande, que dur\u00f3 dos semanas.<\/p>\n\n\n\n<p>Destacaron los hechos vand\u00e1licos en el edificio de la Secretar\u00eda de Finanzas del gobierno de Oaxaca, en Ciudad Judicial, mismo que se repiti\u00f3 un d\u00eda despu\u00e9s y de los cuales fue responsabilizado el pr\u00f3ximo diputado priista Fredy Gil Pineda Gopar.<\/p>\n\n\n\n<p>As\u00ed mismo el bloqueo de la v\u00eda federal 131 Oaxaca-Puerto \u00c1ngel protagonizado por habitantes de la agencia Vicente Guerrero de la Villa de Zaachila, que convirti\u00f3 a la zona en un caos vial; adem\u00e1s del enfrentamiento armado que se registr\u00f3 en Santa Mar\u00eda Petapa, en el Istmo.<\/p>\n\n\n\n<p>Ello, sin dejar de mencionar el asesinato de tres personas en dos hechos violentos diferentes registrados en Santo Domingo Armenta y Santa Mar\u00eda Tonameca, pertencientes a la regi\u00f3n de la Costa; otros dos en Puerto Escondido y Santiago Yogana; cuatro m\u00e1s en San Mateo Nej\u00e1pam, luego de ser secuestradas por un comando armado; y finalmente un feminicidio en Santa Mar\u00eda Tlahuiltoltepec.<\/p>\n\n\n\n<p>Entre otros casos, habitantes de San Juan Mazatl\u00e1n Mixe iniciaron un bloqueo carretero para exigir la destituci\u00f3n del edil; mientras que personal de Salud realiz\u00f3 una en\u00e9sima protesta para exigir la renuncian del secretario Juan Carlos M\u00e1rquez Heine ante su incapacidad para atender las demandas del sector; dicha actividad incluy\u00f3 el bloqueo de vialidades en el Centro Hist\u00f3rico.<\/p>\n\n\n\n<p>Ayer viernes, personal del Hospital Civil \u201cDoctor Aurelio Valdivieso reclam\u00f3 las carencias que se viven al interior del nosocomio y que ponen en riesgo la atenci\u00f3n de la poblaci\u00f3n usuaria.<\/p>\n\n\n\n<p>Todo lo anterior refiere m\u00e1s de seis bloqueos carreteros al interior del estado; doce protestas, una con violencia incluida; 19 homicidios y un feminicidio; as\u00ed como cinco ataques armados en la ausencia del gobernador Alejandro Murat Hinojosa y la omisi\u00f3n de su gabinete, de manera particular de la Segego encargada de la gobernabilidad en la entidad.&nbsp;<\/p>\n\n\n\n<p>El viernes 29 de octubre, el mandatario Murat Hinojosa reanud\u00f3 sus actividades, con la gira de trabajo que realiz\u00f3 por Valles Centrales junto con la secretaria del Trabajo federal, Luisa Mar\u00eda Alcalde.<\/p>\n","protected":false},"excerpt":{"rendered":"<p>Evlin Arag\u00f3n\/Zona Roja. Foto: Archivo. Oaxaca de Ju\u00e1rez, Oax., 30 de octubre de 2021.- La&hellip;<\/p>\n","protected":false},"author":2,"featured_media":33626,"comment_status":"closed","ping_status":"open","sticky":false,"template":"","format":"standard","meta":{"_lmt_disableupdate":"","_lmt_disable":"","_jetpack_memberships_contains_paid_content":false,"footnotes":""},"categories":[109,47],"tags":[173],"class_list":["post-33742","post","type-post","status-publish","format-standard","has-post-thumbnail","hentry","category-minuto-a-minuto","category-zona-gris","tag-alejandro-murat-hinojosa"],"jetpack_featured_media_url":"https:\/\/zonaroja.com.mx\/wp-content\/uploads\/2021\/10\/Bloqueo-carretera-Jalapa.jpg","jetpack_sharing_enabled":true,"_links":{"self":[{"href":"https:\/\/zonaroja.com.mx\/index.php?rest_route=\/wp\/v2\/posts\/33742","targetHints":{"allow":["GET"]}}],"collection":[{"href":"https:\/\/zonaroja.com.mx\/index.php?rest_route=\/wp\/v2\/posts"}],"about":[{"href":"https:\/\/zonaroja.com.mx\/index.php?rest_route=\/wp\/v2\/types\/post"}],"author":[{"embeddable":true,"href":"https:\/\/zonaroja.com.mx\/index.php?rest_route=\/wp\/v2\/users\/2"}],"replies":[{"embeddable":true,"href":"https:\/\/zonaroja.com.mx\/index.php?rest_route=%2Fwp%2Fv2%2Fcomments&post=33742"}],"version-history":[{"count":1,"href":"https:\/\/zonaroja.com.mx\/index.php?rest_route=\/wp\/v2\/posts\/33742\/revisions"}],"predecessor-version":[{"id":33743,"href":"https:\/\/zonaroja.com.mx\/index.php?rest_route=\/wp\/v2\/posts\/33742\/revisions\/33743"}],"wp:featuredmedia":[{"embeddable":true,"href":"https:\/\/zonaroja.com.mx\/index.php?rest_route=\/wp\/v2\/media\/33626"}],"wp:attachment":[{"href":"https:\/\/zonaroja.com.mx\/index.php?rest_route=%2Fwp%2Fv2%2Fmedia&parent=33742"}],"wp:term":[{"taxonomy":"category","embeddable":true,"href":"https:\/\/zonaroja.com.mx\/index.php?rest_route=%2Fwp%2Fv2%2Fcategories&post=33742"},{"taxonomy":"post_tag","embeddable":true,"href":"https:\/\/zonaroja.com.mx\/index.php?rest_route=%2Fwp%2Fv2%2Ftags&post=33742"}],"curies":[{"name":"wp","href":"https:\/\/api.w.org\/{rel}","templated":true}]}}