{"id":33744,"date":"2021-10-30T20:38:38","date_gmt":"2021-10-31T01:38:38","guid":{"rendered":"http:\/\/www.zonaroja.com.mx\/?p=33744"},"modified":"2021-10-30T20:38:41","modified_gmt":"2021-10-31T01:38:41","slug":"convoca-senadora-a-apoyar-a-artesanos-de-oaxaca-afectados-por-pandemia","status":"publish","type":"post","link":"https:\/\/zonaroja.com.mx\/?p=33744","title":{"rendered":"Convoca senadora a apoyar a artesanos de Oaxaca, afectados por pandemia"},"content":{"rendered":"\n<p>Redacci\u00f3n\/Zona Roja.<\/p>\n\n\n\n<p>Oaxaca de Ju\u00e1rez, Oax., 30 de octubre de 2021. Con la participaci\u00f3n de m\u00e1s de 30 familias artesanas de diversas comunidades del estado de Oaxaca, inici\u00f3 hoy la expo por D\u00eda de Muertos \u201cOaxaca, identidad y orgullo\u201d, ubicada en el Centro Cultural y de Convenciones, en el municipio de Santa Luc\u00eda del Camino.<\/p>\n\n\n\n<p>Durante la apertura de esta actividad, las mujeres y hombres artesanos, indicaron que este acontecimiento representa un importante espacio para la difusi\u00f3n, promoci\u00f3n y comercializaci\u00f3n de piezas artesanales creadas con originalidad y calidad.<\/p>\n\n\n\n<p>Al tiempo que contribuye a la reactivaci\u00f3n econ\u00f3mica en el sector artesanal y productivo, que se ha visto afectado por la crisis que ha generado la pandemia por Covid 19.<\/p>\n\n\n\n<p>La senadora Susana Harp Iturribar\u00eda y tambi\u00e9n presidenta de la Comisi\u00f3n de Cultura en el Senado, se\u00f1al\u00f3 que la expo por D\u00eda de Muertos \u201cOaxaca, identidad y orgullo\u201d, tienen el objetivo de mostrar la diversidad y riqueza cultural de los pueblos originarios de Oaxaca.<\/p>\n\n\n\n<figure class=\"wp-block-embed-twitter wp-block-embed is-type-rich is-provider-twitter\"><div class=\"wp-block-embed__wrapper\">\n<div class=\"twitter-tweet\"><blockquote class=\"twitter-tweet\" data-lang=\"es\"><p lang=\"es\" dir=\"ltr\"><a href=\"https:\/\/twitter.com\/hashtag\/%C3%9AltimoMinuto?src=hash&amp;ref_src=twsrc%5Etfw\">#\u00daltimoMinuto<\/a> <br>Acompa\u00f1ada de artesanas de diversas regiones de <a href=\"https:\/\/twitter.com\/hashtag\/Oaxaca?src=hash&amp;ref_src=twsrc%5Etfw\">#Oaxaca<\/a>, la senadora <a href=\"https:\/\/twitter.com\/SusanaHarp?ref_src=twsrc%5Etfw\">@SusanaHarp<\/a> inaugur\u00f3 la expo venta en el Centro Cultural y de Convenciones.<br>La acompa\u00f1aron las diputadas electas <a href=\"https:\/\/twitter.com\/ConyRuedaG?ref_src=twsrc%5Etfw\">@ConyRuedaG<\/a> y <a href=\"https:\/\/twitter.com\/XochitlJazminV?ref_src=twsrc%5Etfw\">@XochitlJazminV<\/a>. <a href=\"https:\/\/t.co\/zWnxSJTMLJ\">pic.twitter.com\/zWnxSJTMLJ<\/a><\/p>&mdash; Zona Roja Oaxaca (@Zona_Roja_Oax) <a href=\"https:\/\/twitter.com\/Zona_Roja_Oax\/status\/1454543872386912263?ref_src=twsrc%5Etfw\">30 de octubre de 2021<\/a><\/blockquote><\/div>\n<\/div><\/figure>\n\n\n\n<p>\u201cNo es solamente una venta, es una oportunidad de apoyar a creadoras y creadores que han vivido esta cultura por generaciones, es reconocer este valor cultural, del trabajo artesanal y una justa retribuci\u00f3n para quienes viven de esta loable actividad, que se presenta como una alternativa clave para el desarrollo de las comunidades\u201d apunt\u00f3 la congresista.<\/p>\n\n\n\n<p>Harp Iturribarr\u00eda, reiter\u00f3 la invitaci\u00f3n a la ciudadan\u00eda a que acuda a este expo, que estar\u00e1 hasta el d\u00eda 31 de octubre en un horario de 11:00 a 20:00 horas. Detall\u00f3 que se expondr\u00e1 un altar de muertos y habr\u00e1 venta de textiles y artesan\u00edas oaxaque\u00f1as, muestra y venta de gastronom\u00eda y conciertos.<\/p>\n\n\n\n<p>Resalt\u00f3 la participaci\u00f3n de la cantante Alejandra Robles, quien se present\u00f3 la tarde de este s\u00e1bado 30 de octubre, y la agrupaci\u00f3n \u201cChina Sonidera\u201d, el domingo 31 a la misma hora. La entrada ser\u00e1 libre y contar\u00e1 con todas las medidas sanitarias correspondientes.<\/p>\n\n\n\n<p>Dentro de las comunidades participantes en la expo por D\u00eda de Muertos \u2018Oaxaca, identidad y orgullo\u2019 se encuentran\u00a0 San Felipe Usila, San Juan Guichicovi, Jalapa de D\u00edaz, Santa Mar\u00eda Tlahuitoltepec, San Juan Bautista Tuxtepec, San Pedro Ixcatl\u00e1n, San Antonino Castillo Velasco, San Lucas Ojitl\u00e1n, Rancho Cafetal, Valle Nacional y Pinotepa Nacional.<\/p>\n\n\n\n<figure class=\"wp-block-embed-twitter wp-block-embed is-type-rich is-provider-twitter\"><div class=\"wp-block-embed__wrapper\">\n<div class=\"twitter-tweet\"><blockquote class=\"twitter-tweet\" data-lang=\"es\"><p lang=\"es\" dir=\"ltr\">Previo a la inauguraci\u00f3n de la expo venta, que se realiza hoy y ma\u00f1ana en el Centro de Convenciones de Oaxaca, la senadora <a href=\"https:\/\/twitter.com\/SusanaHarp?ref_src=twsrc%5Etfw\">@SusanaHarp<\/a> convoc\u00f3 a los oaxaque\u00f1os y visitantes a conocer esta muestra y adquirir productos originales, a fin de apoyar a las y los artesanos. <a href=\"https:\/\/t.co\/IuugV2J0rQ\">pic.twitter.com\/IuugV2J0rQ<\/a><\/p>&mdash; Zona Roja Oaxaca (@Zona_Roja_Oax) <a href=\"https:\/\/twitter.com\/Zona_Roja_Oax\/status\/1454615786601992194?ref_src=twsrc%5Etfw\">31 de octubre de 2021<\/a><\/blockquote><\/div>\n<\/div><\/figure>\n","protected":false},"excerpt":{"rendered":"<p>Redacci\u00f3n\/Zona Roja. Oaxaca de Ju\u00e1rez, Oax., 30 de octubre de 2021. Con la participaci\u00f3n de&hellip;<\/p>\n","protected":false},"author":2,"featured_media":33745,"comment_status":"closed","ping_status":"open","sticky":false,"template":"","format":"standard","meta":{"_lmt_disableupdate":"","_lmt_disable":"","_jetpack_memberships_contains_paid_content":false,"footnotes":""},"categories":[109,46],"tags":[1685],"class_list":["post-33744","post","type-post","status-publish","format-standard","has-post-thumbnail","hentry","category-minuto-a-minuto","category-zona-blanca","tag-susana-harp-iturribarria"],"jetpack_featured_media_url":"https:\/\/zonaroja.com.mx\/wp-content\/uploads\/2021\/10\/Comienza-expo-artesanal-y-gastronomica-Oaxaca-identidad-y-orgullo-1.jpeg","jetpack_sharing_enabled":true,"_links":{"self":[{"href":"https:\/\/zonaroja.com.mx\/index.php?rest_route=\/wp\/v2\/posts\/33744","targetHints":{"allow":["GET"]}}],"collection":[{"href":"https:\/\/zonaroja.com.mx\/index.php?rest_route=\/wp\/v2\/posts"}],"about":[{"href":"https:\/\/zonaroja.com.mx\/index.php?rest_route=\/wp\/v2\/types\/post"}],"author":[{"embeddable":true,"href":"https:\/\/zonaroja.com.mx\/index.php?rest_route=\/wp\/v2\/users\/2"}],"replies":[{"embeddable":true,"href":"https:\/\/zonaroja.com.mx\/index.php?rest_route=%2Fwp%2Fv2%2Fcomments&post=33744"}],"version-history":[{"count":1,"href":"https:\/\/zonaroja.com.mx\/index.php?rest_route=\/wp\/v2\/posts\/33744\/revisions"}],"predecessor-version":[{"id":33746,"href":"https:\/\/zonaroja.com.mx\/index.php?rest_route=\/wp\/v2\/posts\/33744\/revisions\/33746"}],"wp:featuredmedia":[{"embeddable":true,"href":"https:\/\/zonaroja.com.mx\/index.php?rest_route=\/wp\/v2\/media\/33745"}],"wp:attachment":[{"href":"https:\/\/zonaroja.com.mx\/index.php?rest_route=%2Fwp%2Fv2%2Fmedia&parent=33744"}],"wp:term":[{"taxonomy":"category","embeddable":true,"href":"https:\/\/zonaroja.com.mx\/index.php?rest_route=%2Fwp%2Fv2%2Fcategories&post=33744"},{"taxonomy":"post_tag","embeddable":true,"href":"https:\/\/zonaroja.com.mx\/index.php?rest_route=%2Fwp%2Fv2%2Ftags&post=33744"}],"curies":[{"name":"wp","href":"https:\/\/api.w.org\/{rel}","templated":true}]}}