{"id":33747,"date":"2021-10-30T21:13:53","date_gmt":"2021-10-31T02:13:53","guid":{"rendered":"http:\/\/www.zonaroja.com.mx\/?p=33747"},"modified":"2021-10-30T21:13:58","modified_gmt":"2021-10-31T02:13:58","slug":"implementaran-en-guerrero-caminos-artesanales-de-oaxaca-ejemplo-nacional","status":"publish","type":"post","link":"https:\/\/zonaroja.com.mx\/?p=33747","title":{"rendered":"Implementar\u00e1n en Guerrero caminos artesanales de Oaxaca, ejemplo nacional"},"content":{"rendered":"\n<p>Redacci\u00f3n\/Zona Roja.<\/p>\n\n\n\n<p>Oaxaca de Ju\u00e1rez, Oax., 30 de octubre de 2021.- El estado de Guerrero implementar\u00e1 el programa de Pavimentaci\u00f3n de Caminos a Cabeceras Municipales que se ejecuta en Oaxaca, y que el Presidente de M\u00e9xico, Andr\u00e9s Manuel L\u00f3pez Obrador, ha puesto de ejemplo a nivel nacional.<\/p>\n\n\n\n<p>Para ello, la mandataria guerrerense surgida del Partido Morena, Evelyn Salgado Pineda, estuvo en Oaxaca, y junto con el titular de la SCT, Jorge Arganis D\u00edaz-Leal, y el mandatario Alejandro Murat, supervisaron obras de ese esquema en el municipio de San Miguel Peras.<\/p>\n\n\n\n<p>En su mensaje, Murat se\u00f1al\u00f3 que, en equipo y con el respaldo del presidente Andr\u00e9s Manuel L\u00f3pez Obrador, se est\u00e1n saldando deudas hist\u00f3ricas en el desarrollo equitativo de Oaxaca porque, dijo, abrir caminos es derrumbar fronteras materiales o simb\u00f3licas que separan a las comunidades.<\/p>\n\n\n\n<p>\u201cEstos proyectos permiten atender un rezago hist\u00f3rico de un segmento que hab\u00eda sido invisible. Cada camino representa una oportunidad, es la ruta a tener comercio, salud y la posibilidad de tener una vida diferente. No puede haber desarrollo sino llegamos al rinc\u00f3n m\u00e1s alejado\u201d, expres\u00f3.<\/p>\n\n\n\n<p>Durante el recorrido en Santa In\u00e9s del Monte-San Miguel Peras del Kil\u00f3metro(km) 0+000 al km 22+300, Murat Hinojosa reconoci\u00f3 la valent\u00eda, compromiso y liderazgo de su hom\u00f3loga de Guerrero, Evelyn Salgado Pineda, al ser la primera mujer que gobierna ese estado, y reiter\u00f3 su compromiso para trabajar en equipo y seguir hermanando a ambos estados.<\/p>\n\n\n\n<p>\u201cQue el sureste cambie su rostro, que es otra de las grandes demandas hist\u00f3ricas. Es tiempo del sur y vamos hacer equipo, enlazar manos y voluntades para que le vaya bien a M\u00e9xico, a Guerrero y Oaxaca\u201d, manifest\u00f3.<\/p>\n\n\n\n<p>En tanto, el titular de la Secretar\u00eda de Infraestructura Comunicaciones y Transportes (SICT), Jorge Arganis D\u00edaz-Leal, afirm\u00f3 que el Programa de Caminos a Cabeceras Municipales que se construyen en Oaxaca, es \u201csin duda, una afortunada realidad y forma parte de la estrategia prioritaria del Gobierno Federal, con el prop\u00f3sito de integrar a las comunidades m\u00e1s pobres y marginadas al progreso y al bienestar\u201d.<\/p>\n\n\n\n<p>Asimismo, explic\u00f3 que en buena medida el \u00e9xito del programa en Oaxaca se debe a la respuesta entusiasta de las comunidades, a su extraordinaria capacidad de organizaci\u00f3n y al sentido de responsabilidad y honestidad de sus autoridades y comit\u00e9s de mano de obra.<\/p>\n\n\n\n<p>\u201cHoy estamos aqu\u00ed para compartir las experiencias y los alcances que ha tenido este programa, que se inici\u00f3 en 2019 en el municipio de San Juan Evangelista Analco. Un ejemplo que se debe dar al pa\u00eds, porque es admirable. Las comunidades ind\u00edgenas para muchos gobiernos fueron invisibles y ahora son parte importante en la cuarta transformaci\u00f3n\u201d, enfatiz\u00f3 Arganis D\u00edaz-Leal.<\/p>\n\n\n\n<figure class=\"wp-block-embed-twitter wp-block-embed is-type-rich is-provider-twitter\"><div class=\"wp-block-embed__wrapper\">\n<div class=\"twitter-tweet\"><blockquote class=\"twitter-tweet\" data-lang=\"es\"><p lang=\"es\" dir=\"ltr\">Es un gusto generar bienestar; al lado de la Gdra. de Guerrero, <a href=\"https:\/\/twitter.com\/EvelynSalgadoP?ref_src=twsrc%5Etfw\">@EvelynSalgadoP<\/a>, el Srio. Jorge Arganis D\u00edaz, el Subsrio. Jorge Nu\u00f1o Lara y el Dir. <a href=\"https:\/\/twitter.com\/DEELAYUUK?ref_src=twsrc%5Etfw\">@DEELAYUUK<\/a>, cumplimos con la encomienda del Pdte. <a href=\"https:\/\/twitter.com\/lopezobrador_?ref_src=twsrc%5Etfw\">@lopezobrador_<\/a>. En equipo hacemos m\u00e1s y mejor. <a href=\"https:\/\/t.co\/PuRSsiasM2\">pic.twitter.com\/PuRSsiasM2<\/a><\/p>&mdash; Alejandro Murat (@alejandromurat) <a href=\"https:\/\/twitter.com\/alejandromurat\/status\/1454571201611898880?ref_src=twsrc%5Etfw\">30 de octubre de 2021<\/a><\/blockquote><\/div>\n<\/div><\/figure>\n\n\n\n<p>En su intervenci\u00f3n, la gobernadora de Guerrero, Evelyn Salgado Pineda, refiri\u00f3 que por sugerencia del presidente de M\u00e9xico, Andr\u00e9s Manuel L\u00f3pez Obrador, visit\u00f3 la entidad oaxaque\u00f1a para conocer el trabajo que se est\u00e1 realizando con el Programa de Pavimentaci\u00f3n de Caminos a Cabeceras Municipales.<\/p>\n\n\n\n<p>\u201cEs un programa que vamos hacer ahora en Guerrero, que hace mucha falta para que tengan nuestros pueblos conectividad\u201d, expres\u00f3 Salgado Pineda, al tiempo de resaltar que el estado de Guerrero es hermano de Oaxaca, \u201cvamos a caminar como lo hemos hecho, el sureste tiene que florecer, tiene que estar siempre en la punta de lanza; lo hecho en Oaxaca y en Guerrero, est\u00e1 bien hecho, est\u00e1 demostrado a nivel nacional e internacional\u201d, destac\u00f3.<\/p>\n\n\n\n<p>REUNI\u00d3N DE EVALUACI\u00d3N<\/p>\n\n\n\n<p>Previamente al recorrido, el gobernador Alejandro Murat Hinojosa, junto con del titular de la SCT, Jorge Arganis D\u00edaz-Leal; del subsecretario de Infraestructura, Jorge Nu\u00f1o Lara; de su hom\u00f3loga de Guerrero, Evelyn Salgado Pineda; as\u00ed como del director general del Instituto Nacional de los Pueblos Ind\u00edgenas (INPI), Adelfo Regino Montes, sostuvieron una reuni\u00f3n de trabajo para evaluar y dar continuidad al Programa de Pavimentaci\u00f3n de Caminos a Cabeceras Municipales en el estado.<\/p>\n\n\n\n<p>En este encuentro, se dio a conocer la construcci\u00f3n de caminos de concreto en 21 municipios de La Monta\u00f1a, en Guerrero, a trav\u00e9s de la r\u00e9plica y la experiencia de este programa que se lleva a cabo en Oaxaca.<\/p>\n\n\n\n<p>El Programa de Pavimentaci\u00f3n de Caminos a Cabeceras Municipales en Oaxaca, durante el periodo 2019-2024, beneficiar\u00e1 a 209 municipios con 3 mil 87.2 kil\u00f3metros pavimentados, en los que se invertir\u00e1n 12 mil 693.5 millones de pesos. Cabe mencionar que, a la fecha, se han concluido 60 caminos con 292.9 kil\u00f3metros y recursos por mil 216.4 millones de pesos.<\/p>\n\n\n\n<p>Desde el inicio de este programa en 2019, a finales de 2021 se habr\u00e1n pavimentado mil 470 kil\u00f3metros, equivalentes a la distancia entre Oaxaca y Mazatl\u00e1n, pasando por Morelia, Guadalajara y Tepic.<\/p>\n\n\n\n<p>En la reuni\u00f3n, tambi\u00e9n estuvieron presentes el director general del Centro SCT Oaxaca, Jos\u00e9 Luis Chida Pardo; as\u00ed como personal del Gobierno del Estado.<\/p>\n\n\n\n<figure class=\"wp-block-embed-twitter wp-block-embed is-type-rich is-provider-twitter\"><div class=\"wp-block-embed__wrapper\">\n<div class=\"twitter-tweet\"><blockquote class=\"twitter-tweet\" data-lang=\"es\"><p lang=\"es\" dir=\"ltr\"><a href=\"https:\/\/twitter.com\/hashtag\/%C3%9AltimoMinuto?src=hash&amp;ref_src=twsrc%5Etfw\">#\u00daltimoMinuto<\/a><br>Se encuentran en Oaxaca el titular de <a href=\"https:\/\/twitter.com\/SCT_mx?ref_src=twsrc%5Etfw\">@SCT_mx<\/a>, Jorge Arganis; el director del <a href=\"https:\/\/twitter.com\/INPImx?ref_src=twsrc%5Etfw\">@INPImx<\/a>, <a href=\"https:\/\/twitter.com\/DEELAYUUK?ref_src=twsrc%5Etfw\">@DEELAYUUK<\/a>, y gobernadora de Guerrero, <a href=\"https:\/\/twitter.com\/EvelynSalgadoP?ref_src=twsrc%5Etfw\">@EvelynSalgadoP<\/a>; con mandatario <a href=\"https:\/\/twitter.com\/alejandromurat?ref_src=twsrc%5Etfw\">@alejandromurat<\/a> analizan el Programa de Pavimentaci\u00f3n de Caminos, que se implementar\u00e1 en la entidad vecina. <a href=\"https:\/\/t.co\/1GdDgEO7Kl\">pic.twitter.com\/1GdDgEO7Kl<\/a><\/p>&mdash; Zona Roja Oaxaca (@Zona_Roja_Oax) <a href=\"https:\/\/twitter.com\/Zona_Roja_Oax\/status\/1454481288883232769?ref_src=twsrc%5Etfw\">30 de octubre de 2021<\/a><\/blockquote><\/div>\n<\/div><\/figure>\n","protected":false},"excerpt":{"rendered":"<p>Redacci\u00f3n\/Zona Roja. Oaxaca de Ju\u00e1rez, Oax., 30 de octubre de 2021.- El estado de Guerrero&hellip;<\/p>\n","protected":false},"author":2,"featured_media":33748,"comment_status":"closed","ping_status":"open","sticky":false,"template":"","format":"standard","meta":{"_lmt_disableupdate":"","_lmt_disable":"","_jetpack_memberships_contains_paid_content":false,"footnotes":""},"categories":[109,46],"tags":[173],"class_list":["post-33747","post","type-post","status-publish","format-standard","has-post-thumbnail","hentry","category-minuto-a-minuto","category-zona-blanca","tag-alejandro-murat-hinojosa"],"jetpack_featured_media_url":"https:\/\/zonaroja.com.mx\/wp-content\/uploads\/2021\/10\/Alejandro-Murat-y-Evelyn-Salgado.jpg","jetpack_sharing_enabled":true,"_links":{"self":[{"href":"https:\/\/zonaroja.com.mx\/index.php?rest_route=\/wp\/v2\/posts\/33747","targetHints":{"allow":["GET"]}}],"collection":[{"href":"https:\/\/zonaroja.com.mx\/index.php?rest_route=\/wp\/v2\/posts"}],"about":[{"href":"https:\/\/zonaroja.com.mx\/index.php?rest_route=\/wp\/v2\/types\/post"}],"author":[{"embeddable":true,"href":"https:\/\/zonaroja.com.mx\/index.php?rest_route=\/wp\/v2\/users\/2"}],"replies":[{"embeddable":true,"href":"https:\/\/zonaroja.com.mx\/index.php?rest_route=%2Fwp%2Fv2%2Fcomments&post=33747"}],"version-history":[{"count":1,"href":"https:\/\/zonaroja.com.mx\/index.php?rest_route=\/wp\/v2\/posts\/33747\/revisions"}],"predecessor-version":[{"id":33749,"href":"https:\/\/zonaroja.com.mx\/index.php?rest_route=\/wp\/v2\/posts\/33747\/revisions\/33749"}],"wp:featuredmedia":[{"embeddable":true,"href":"https:\/\/zonaroja.com.mx\/index.php?rest_route=\/wp\/v2\/media\/33748"}],"wp:attachment":[{"href":"https:\/\/zonaroja.com.mx\/index.php?rest_route=%2Fwp%2Fv2%2Fmedia&parent=33747"}],"wp:term":[{"taxonomy":"category","embeddable":true,"href":"https:\/\/zonaroja.com.mx\/index.php?rest_route=%2Fwp%2Fv2%2Fcategories&post=33747"},{"taxonomy":"post_tag","embeddable":true,"href":"https:\/\/zonaroja.com.mx\/index.php?rest_route=%2Fwp%2Fv2%2Ftags&post=33747"}],"curies":[{"name":"wp","href":"https:\/\/api.w.org\/{rel}","templated":true}]}}