{"id":33755,"date":"2021-10-31T07:01:26","date_gmt":"2021-10-31T13:01:26","guid":{"rendered":"http:\/\/www.zonaroja.com.mx\/?p=33755"},"modified":"2021-10-31T07:01:28","modified_gmt":"2021-10-31T13:01:28","slug":"cierra-octubre-con-11-mujeres-y-una-nina-desaparecidas-en-oaxaca","status":"publish","type":"post","link":"https:\/\/zonaroja.com.mx\/?p=33755","title":{"rendered":"Cierra octubre con 11 mujeres y una ni\u00f1a desaparecidas en Oaxaca"},"content":{"rendered":"\n<p>Evlin Arag\u00f3n\/Zona Roja.<\/p>\n\n\n\n<p>Oaxaca de Ju\u00e1rez, Oax., 31 de octubre de 2021.- Aunque su desaparici\u00f3n se registr\u00f3 a inicios del mes de octubre, fue hasta este s\u00e1bado que las fichas de b\u00fasqueda de Cintia Biviana Carretero Rivas, de 24 a\u00f1os de edad, y su hija Frida Sof\u00eda, de cuatro, fueron compartidas en la p\u00e1gina de la Unidad de B\u00fasqueda de Personas Desaparecidas y No Localizadas.<\/p>\n\n\n\n<p>Ambas iban en compa\u00f1\u00eda de Berl\u00edn Ricardo, de seis a\u00f1os de edad, y fueron vistos por \u00faltima vez en San Felipe Jalapa de D\u00edaz, municipio perteneciente a la regi\u00f3n de la Cuenca del Papaloapan.&nbsp;<\/p>\n\n\n\n<p>Apenas este viernes tambi\u00e9n fue reportada como no localizada Dulce Ariadna Gonz\u00e1lez Gonz\u00e1lez, de 16 a\u00f1os, quien fue vista por \u00faltima vez en El Barrio Grande, Cuil\u00e1pam de Guerrero.&nbsp;<\/p>\n\n\n\n<p>A la lista tambi\u00e9n se une Roc\u00edo Ortega Ortiz, de 15 a\u00f1os, desaparecida el 23 de octubre en Huautla de Jim\u00e9nez, municipio en el que d\u00edas antes se report\u00f3 la no localizaci\u00f3n de Mar\u00eda de los \u00c1ngeles Garc\u00eda, de 20 a\u00f1os, vista por \u00faltima vez cinco d\u00edas antes en R\u00edo Santiago.&nbsp;<\/p>\n\n\n\n<p>Previamente fue reportada la desaparici\u00f3n de Ana Paola L\u00f3pez Bautista, de 16 a\u00f1os de edad, en el municipio de Tlacolula de Matamoros.&nbsp;<\/p>\n\n\n\n<p>Mientras que, en Putla Villa de Guerrero, Elizabeth Monjaraz Bautista, de 50 a\u00f1os de edad, no dej\u00f3 rastro a sus familiares; caso similar al de Monserrat Aguilar Becerril, de 15 a\u00f1os, que no ha sido localizada desde el 19 de octubre, en el mismo municipio.&nbsp;<\/p>\n\n\n\n<p>Un d\u00eda antes, en el municipio de Ciudad Ixtepec, fue reportada la desaparici\u00f3n de Rub\u00ed Abigail Morales Rodr\u00edguez, de 23 a\u00f1os de edad.&nbsp;<\/p>\n\n\n\n<p>El 10 de octubre fue vista por \u00faltima vez Claudia Concepci\u00f3n Alvarado Concha, de 51 a\u00f1os, en el fraccionamiento Dainz\u00fa, ubicado en el municipio de Tlacolula de Matamoros.&nbsp;<\/p>\n\n\n\n<p>As\u00ed mismo, Dayana Iv\u00f3n Vel\u00e1squez G\u00f3mez, de 16 a\u00f1os, desaparecida el 10 de octubre en El Barrio La Independencia, Coatepeque, Quetzaltenango, Guatemala.&nbsp;<\/p>\n\n\n\n<p>Dentro de las fichas de b\u00fasqueda tambi\u00e9n se encuentra activa la de Amalia Lim\u00f3n Xilita, de 39 a\u00f1os, quien fue reportada como desaparecida el 01 de octubre en un primer ataque armado al interior de la poblaci\u00f3n de Guerrero Grande, en San Sebasti\u00e1n Atatlahuaca.<\/p>\n","protected":false},"excerpt":{"rendered":"<p>Evlin Arag\u00f3n\/Zona Roja. Oaxaca de Ju\u00e1rez, Oax., 31 de octubre de 2021.- Aunque su desaparici\u00f3n&hellip;<\/p>\n","protected":false},"author":2,"featured_media":33756,"comment_status":"closed","ping_status":"open","sticky":false,"template":"","format":"standard","meta":{"_lmt_disableupdate":"","_lmt_disable":"","_jetpack_memberships_contains_paid_content":false,"footnotes":""},"categories":[109,47],"tags":[455],"class_list":["post-33755","post","type-post","status-publish","format-standard","has-post-thumbnail","hentry","category-minuto-a-minuto","category-zona-gris","tag-mujeres-desaparecidas-oaxaca"],"jetpack_featured_media_url":"https:\/\/zonaroja.com.mx\/wp-content\/uploads\/2021\/10\/Desaparecidas-Oaxaca-octubre.jpg","jetpack_sharing_enabled":true,"_links":{"self":[{"href":"https:\/\/zonaroja.com.mx\/index.php?rest_route=\/wp\/v2\/posts\/33755","targetHints":{"allow":["GET"]}}],"collection":[{"href":"https:\/\/zonaroja.com.mx\/index.php?rest_route=\/wp\/v2\/posts"}],"about":[{"href":"https:\/\/zonaroja.com.mx\/index.php?rest_route=\/wp\/v2\/types\/post"}],"author":[{"embeddable":true,"href":"https:\/\/zonaroja.com.mx\/index.php?rest_route=\/wp\/v2\/users\/2"}],"replies":[{"embeddable":true,"href":"https:\/\/zonaroja.com.mx\/index.php?rest_route=%2Fwp%2Fv2%2Fcomments&post=33755"}],"version-history":[{"count":1,"href":"https:\/\/zonaroja.com.mx\/index.php?rest_route=\/wp\/v2\/posts\/33755\/revisions"}],"predecessor-version":[{"id":33757,"href":"https:\/\/zonaroja.com.mx\/index.php?rest_route=\/wp\/v2\/posts\/33755\/revisions\/33757"}],"wp:featuredmedia":[{"embeddable":true,"href":"https:\/\/zonaroja.com.mx\/index.php?rest_route=\/wp\/v2\/media\/33756"}],"wp:attachment":[{"href":"https:\/\/zonaroja.com.mx\/index.php?rest_route=%2Fwp%2Fv2%2Fmedia&parent=33755"}],"wp:term":[{"taxonomy":"category","embeddable":true,"href":"https:\/\/zonaroja.com.mx\/index.php?rest_route=%2Fwp%2Fv2%2Fcategories&post=33755"},{"taxonomy":"post_tag","embeddable":true,"href":"https:\/\/zonaroja.com.mx\/index.php?rest_route=%2Fwp%2Fv2%2Ftags&post=33755"}],"curies":[{"name":"wp","href":"https:\/\/api.w.org\/{rel}","templated":true}]}}