{"id":33758,"date":"2021-11-01T08:25:20","date_gmt":"2021-11-01T14:25:20","guid":{"rendered":"http:\/\/www.zonaroja.com.mx\/?p=33758"},"modified":"2021-10-31T20:47:20","modified_gmt":"2021-11-01T02:47:20","slug":"artistas-discuten-sobre-los-retos-para-bailar-en-el-marco-de-la-mido","status":"publish","type":"post","link":"https:\/\/zonaroja.com.mx\/?p=33758","title":{"rendered":"Artistas discuten sobre los retos para bailar, en el marco de la MIDO"},"content":{"rendered":"\n<p>Redacci\u00f3n\/Zona Roja.<\/p>\n\n\n\n<p>Oaxaca de Ju\u00e1rez, Oax., 1 de noviembre de 2021.- La falta de espacios y de recursos econ\u00f3micos son los principales retos a los que se enfrenta la danza oaxaque\u00f1a, ello pese a que la entidad cuenta con una enorme cantidad de artistas que se dedican a la disciplina y que desarrollan sus obras con aportes propios.\u00a0<\/p>\n\n\n\n<p>As\u00ed qued\u00f3 expuesto en el marco del conversatorio \u201cLos retos para bailar\u00bb, como parte de la m\u00e1s reciente emisi\u00f3n de la Muestra Internacional de Danza Oaxaca (MIDO), que se llev\u00f3 a cabo de manera virtual del 25 al 30 de octubre en coordinaci\u00f3n con la Casa de la Cultura Oaxaque\u00f1a (CCO).<\/p>\n\n\n\n<p>En la pl\u00e1tica, moderada por la periodista y colaboradora de ZONA ROJA, Evlin Arag\u00f3n, participaron las docentes y bailarinas Carla Pais y Mayela Marfil, as\u00ed como el bailar\u00edn y core\u00f3grafo Julio C\u00e9sar Castellanos quienes coincidieron en la falta de respaldo por parte de las instituciones en general.&nbsp;<\/p>\n\n\n\n<p>\u201cEn Oaxaca, los que nos dedicamos a la danza carecemos de apoyos econ\u00f3micos. Aqu\u00ed no le apuestan a la danza, a pesar de que es la manifestaci\u00f3n inicial del individuo, porque se cree que se trata solo de un show\u201d, dijo Julio C\u00e9sar Castellanos.&nbsp;<\/p>\n\n\n\n<p>En este mismo sentido, el reconocido bailar\u00edn detall\u00f3 que es indispensable que las autoridades y el p\u00fablico vean a la danza como un proceso que implica de mucho tiempo, esfuerzo y dedicaci\u00f3n para mostrar una obra, lo cual tambi\u00e9n debe ser retribuido.<\/p>\n\n\n\n<p>A lo anterior debe agregarse la falta de espacios para crear y presentar las obras, y es que de acuerdo con Carla Pais, en la actualidad es muy dif\u00edcil acceder a los teatros por los elevados costos que representan, situaci\u00f3n que se convierte en un c\u00edrculo vicioso, ya que esto impacta no s\u00f3lo a la comunidad art\u00edstica sino tambi\u00e9n al p\u00fablico.&nbsp;<\/p>\n\n\n\n<p>De igual forma, la ausencia de espacios p\u00fablicos formativos que fomenten y promuevan la danza, ya que las clases son m\u00e1s prol\u00edficas de manera particular y no mediante un instituto que dependa del Estado y que atienda al talento local que la mayor\u00eda de las veces tiene que migrar.&nbsp;&nbsp;&nbsp;<\/p>\n\n\n\n<p>La bailarina detall\u00f3 que no se puede dejar de nombrar el reto del aislamiento derivado de la pandemia, el cual oblig\u00f3 a las y los artistas a buscar las estrategias para mantenerte entrenados sin el acompa\u00f1amiento f\u00edsico de sus docentes o compa\u00f1eros.<\/p>\n\n\n\n<p>Por su parte, la experimentada bailarina y maestra Mayela Marfil asegur\u00f3 que dentro de los retos tambi\u00e9n se encuentra la parte personal y f\u00edsica, toda vez que con el paso del tiempo el cuerpo va cambiando y requiere de adecuar los ejercicios y movimientos a realizar.&nbsp;<\/p>\n\n\n\n<p>Sin embargo, se mostr\u00f3 esperanzada en que la vocaci\u00f3n y la pasi\u00f3n de la comunidad art\u00edstica permite ir sorteando cada uno de los retos que se presentan y han logrado, a base de mucho esfuerzo personal y colectivo, que la danza mantenga su lugar en el gusto de la gente.<\/p>\n\n\n\n<p>Y es que, para las bailarinas y el bailar\u00edn, la danza es y seguir\u00e1 siendo uno de los medios de expresi\u00f3n m\u00e1s importantes en la actualidad, de ah\u00ed que coinciden en la relevancia de contar con apoyos de todo tipo para mantenerla vigente y con la vitalidad que ha mostrado en los \u00faltimos a\u00f1os en la entidad oaxaque\u00f1a.&nbsp;&nbsp;<\/p>\n","protected":false},"excerpt":{"rendered":"<p>Redacci\u00f3n\/Zona Roja. Oaxaca de Ju\u00e1rez, Oax., 1 de noviembre de 2021.- La falta de espacios&hellip;<\/p>\n","protected":false},"author":2,"featured_media":33759,"comment_status":"closed","ping_status":"open","sticky":false,"template":"","format":"standard","meta":{"_lmt_disableupdate":"","_lmt_disable":"","_jetpack_memberships_contains_paid_content":false,"footnotes":""},"categories":[109,46],"tags":[541],"class_list":["post-33758","post","type-post","status-publish","format-standard","has-post-thumbnail","hentry","category-minuto-a-minuto","category-zona-blanca","tag-casa-de-la-cultura-oaxaquena"],"jetpack_featured_media_url":"https:\/\/zonaroja.com.mx\/wp-content\/uploads\/2021\/10\/MIDO-Evlin-Aragon.jpg","jetpack_sharing_enabled":true,"_links":{"self":[{"href":"https:\/\/zonaroja.com.mx\/index.php?rest_route=\/wp\/v2\/posts\/33758","targetHints":{"allow":["GET"]}}],"collection":[{"href":"https:\/\/zonaroja.com.mx\/index.php?rest_route=\/wp\/v2\/posts"}],"about":[{"href":"https:\/\/zonaroja.com.mx\/index.php?rest_route=\/wp\/v2\/types\/post"}],"author":[{"embeddable":true,"href":"https:\/\/zonaroja.com.mx\/index.php?rest_route=\/wp\/v2\/users\/2"}],"replies":[{"embeddable":true,"href":"https:\/\/zonaroja.com.mx\/index.php?rest_route=%2Fwp%2Fv2%2Fcomments&post=33758"}],"version-history":[{"count":2,"href":"https:\/\/zonaroja.com.mx\/index.php?rest_route=\/wp\/v2\/posts\/33758\/revisions"}],"predecessor-version":[{"id":33787,"href":"https:\/\/zonaroja.com.mx\/index.php?rest_route=\/wp\/v2\/posts\/33758\/revisions\/33787"}],"wp:featuredmedia":[{"embeddable":true,"href":"https:\/\/zonaroja.com.mx\/index.php?rest_route=\/wp\/v2\/media\/33759"}],"wp:attachment":[{"href":"https:\/\/zonaroja.com.mx\/index.php?rest_route=%2Fwp%2Fv2%2Fmedia&parent=33758"}],"wp:term":[{"taxonomy":"category","embeddable":true,"href":"https:\/\/zonaroja.com.mx\/index.php?rest_route=%2Fwp%2Fv2%2Fcategories&post=33758"},{"taxonomy":"post_tag","embeddable":true,"href":"https:\/\/zonaroja.com.mx\/index.php?rest_route=%2Fwp%2Fv2%2Ftags&post=33758"}],"curies":[{"name":"wp","href":"https:\/\/api.w.org\/{rel}","templated":true}]}}