{"id":33761,"date":"2021-10-31T07:35:16","date_gmt":"2021-10-31T13:35:16","guid":{"rendered":"http:\/\/www.zonaroja.com.mx\/?p=33761"},"modified":"2021-10-31T07:35:19","modified_gmt":"2021-10-31T13:35:19","slug":"mural-de-modesto-bernardo-muestra-de-colorido-y-tradicion-de-muertos","status":"publish","type":"post","link":"https:\/\/zonaroja.com.mx\/?p=33761","title":{"rendered":"Mural de Modesto Bernardo, muestra de colorido y tradici\u00f3n de Muertos"},"content":{"rendered":"\n<p>Evlin Arag\u00f3n\/Zona Roja.<\/p>\n\n\n\n<p>Oaxaca de Ju\u00e1rez, Oax., 31 de octubre de 2021.- Las catrinas y los diablos, retratados en colores vibrantes, llegaron a la cuarta calle del barrio de La Noria de la mano del artista Modesto Bernardo, originario de Zimatl\u00e1n de \u00c1lvarez.&nbsp;<\/p>\n\n\n\n<p>\u201cEste es un peque\u00f1\u00edsimo intento por sumarnos a las tradiciones tan arraigadas de celebrar a la muerte en Oaxaca\u201d asegur\u00f3 el artista al inaugurar su mural en el centro de la ciudad.<\/p>\n\n\n\n<p>Consciente de que la festividad de D\u00eda de Muertos es una de las m\u00e1s arraigadas por los pueblos y comunidades, desde la \u00e9poca prehisp\u00e1nica, decidi\u00f3 sumarse mediante lo que sabe hacer que es pintar, de ah\u00ed que decidi\u00f3 elaborar una obra de grandes dimensiones con alusi\u00f3n al tema.&nbsp;<\/p>\n\n\n\n<p>De acuerdo con el artista, el mural tiene como objetivo compartir con los vecinos y las personas que transitan por la zona, un poco de lo que hace de manera cotidiana al tratar de crear im\u00e1genes que reflejen la riqueza cultura de la entidad oaxaque\u00f1a.&nbsp;<\/p>\n\n\n\n<p>\u201cFue concebido por m\u00ed, pero realmente fue ejecutado por todos, as\u00ed que me da mucho gusto compartir con ustedes lo que hago. Me da un enorme placer que estemos celebrando la vida y la muerte\u201d, indic\u00f3.&nbsp;&nbsp;<\/p>\n\n\n\n<p>Desde su perspectiva es precisamente este formato el m\u00e1s democr\u00e1tico dentro del arte, ya que cualquier persona puede disfrutarlo, apreciarlo, incluso criticarlo.<\/p>\n\n\n\n<figure class=\"wp-block-embed-twitter wp-block-embed is-type-rich is-provider-twitter\"><div class=\"wp-block-embed__wrapper\">\n<div class=\"twitter-tweet\"><blockquote class=\"twitter-tweet\" data-lang=\"es\"><p lang=\"es\" dir=\"ltr\">Con una calenda por las calles de la zona sur de la ciudad de <a href=\"https:\/\/twitter.com\/hashtag\/Oaxaca?src=hash&amp;ref_src=twsrc%5Etfw\">#Oaxaca<\/a>, as\u00ed como baile, culmin\u00f3 la inauguraci\u00f3n del mural del pintor Modesto Bernardo, ubicado en la cuarta calle de Na Noria.<br>La actividad fue amenizada por la banda de m\u00fasica de la <a href=\"https:\/\/twitter.com\/SSP_GobOax?ref_src=twsrc%5Etfw\">@SSP_GobOax<\/a>. <a href=\"https:\/\/t.co\/SepBYdachV\">pic.twitter.com\/SepBYdachV<\/a><\/p>&mdash; Zona Roja Oaxaca (@Zona_Roja_Oax) <a href=\"https:\/\/twitter.com\/Zona_Roja_Oax\/status\/1454277916188098561?ref_src=twsrc%5Etfw\">30 de octubre de 2021<\/a><\/blockquote><\/div>\n<\/div><\/figure>\n\n\n\n<p>La obra, inaugurada el viernes, forma parte de la fachada del taller Tlacuilo, abierto al p\u00fablico en general y donde Modesto Bernardo realiza su labor diaria bajo el cobijo de las y los vecinos del barrio, quienes en todo momento apoyaron la creaci\u00f3n del mural.<\/p>\n\n\n\n<p>\u201cEste espacio es suyo, disfr\u00fatenlo, g\u00f3cenlo. Bienvenidos cuando tengan tiempo y sus vidas no se vean trastocadas, el espacio Tlacuilo es para todos\u201d, dijo.&nbsp;<\/p>\n\n\n\n<p>El mural tambi\u00e9n forma parte del proyecto \u201cMovimiento Vecinal\u201d que busca prevenir la delincuencia y violencia en la entidad oaxaque\u00f1a a trav\u00e9s del arte y la recuperaci\u00f3n de espacios.<\/p>\n\n\n\n<p>De acuerdo con Jos\u00e9 Manuel Vera Salina, secretario ejecutivo del Sistema Estatal de Seguridad P\u00fablica de Oaxaca, dicho programa que arranc\u00f3 el a\u00f1o pasado ya suma una buena cantidad de murales en la entidad que buscan crear conciencia en torno a la violencia en contra de ni\u00f1os, ni\u00f1as y mujeres.&nbsp; Tras la inauguraci\u00f3n de la obra, se llev\u00f3 a cabo una tradicional calenda por las principales calles del barrio de La Noria con la participaci\u00f3n de la Banda de M\u00fasica de la Polic\u00eda Estatal y la comparsa de Soledad, Etla.&nbsp;<\/p>\n","protected":false},"excerpt":{"rendered":"<p>Evlin Arag\u00f3n\/Zona Roja. Oaxaca de Ju\u00e1rez, Oax., 31 de octubre de 2021.- Las catrinas y&hellip;<\/p>\n","protected":false},"author":2,"featured_media":33762,"comment_status":"closed","ping_status":"open","sticky":false,"template":"","format":"standard","meta":{"_lmt_disableupdate":"","_lmt_disable":"","_jetpack_memberships_contains_paid_content":false,"footnotes":""},"categories":[109,46],"tags":[2074],"class_list":["post-33761","post","type-post","status-publish","format-standard","has-post-thumbnail","hentry","category-minuto-a-minuto","category-zona-blanca","tag-pintor-modesto-bernardo"],"jetpack_featured_media_url":"https:\/\/zonaroja.com.mx\/wp-content\/uploads\/2021\/10\/Mural-casa-Tlacuilo-Modesto-Bernardo.jpg","jetpack_sharing_enabled":true,"_links":{"self":[{"href":"https:\/\/zonaroja.com.mx\/index.php?rest_route=\/wp\/v2\/posts\/33761","targetHints":{"allow":["GET"]}}],"collection":[{"href":"https:\/\/zonaroja.com.mx\/index.php?rest_route=\/wp\/v2\/posts"}],"about":[{"href":"https:\/\/zonaroja.com.mx\/index.php?rest_route=\/wp\/v2\/types\/post"}],"author":[{"embeddable":true,"href":"https:\/\/zonaroja.com.mx\/index.php?rest_route=\/wp\/v2\/users\/2"}],"replies":[{"embeddable":true,"href":"https:\/\/zonaroja.com.mx\/index.php?rest_route=%2Fwp%2Fv2%2Fcomments&post=33761"}],"version-history":[{"count":1,"href":"https:\/\/zonaroja.com.mx\/index.php?rest_route=\/wp\/v2\/posts\/33761\/revisions"}],"predecessor-version":[{"id":33763,"href":"https:\/\/zonaroja.com.mx\/index.php?rest_route=\/wp\/v2\/posts\/33761\/revisions\/33763"}],"wp:featuredmedia":[{"embeddable":true,"href":"https:\/\/zonaroja.com.mx\/index.php?rest_route=\/wp\/v2\/media\/33762"}],"wp:attachment":[{"href":"https:\/\/zonaroja.com.mx\/index.php?rest_route=%2Fwp%2Fv2%2Fmedia&parent=33761"}],"wp:term":[{"taxonomy":"category","embeddable":true,"href":"https:\/\/zonaroja.com.mx\/index.php?rest_route=%2Fwp%2Fv2%2Fcategories&post=33761"},{"taxonomy":"post_tag","embeddable":true,"href":"https:\/\/zonaroja.com.mx\/index.php?rest_route=%2Fwp%2Fv2%2Ftags&post=33761"}],"curies":[{"name":"wp","href":"https:\/\/api.w.org\/{rel}","templated":true}]}}