{"id":33773,"date":"2021-10-31T16:01:10","date_gmt":"2021-10-31T22:01:10","guid":{"rendered":"http:\/\/www.zonaroja.com.mx\/?p=33773"},"modified":"2021-10-31T16:01:14","modified_gmt":"2021-10-31T22:01:14","slug":"crece-inseguridad-en-la-capital-de-oaxaca-ejecutan-a-individuo","status":"publish","type":"post","link":"https:\/\/zonaroja.com.mx\/?p=33773","title":{"rendered":"Crece inseguridad en la capital de Oaxaca; ejecutan a individuo"},"content":{"rendered":"\n<p>Ismael Garc\u00eda M.\/Zona Roja.<\/p>\n\n\n\n<p>Oaxaca de Ju\u00e1rez, Oax., 31 de octubre de 2021.- Con al menos cuatro disparos de arma de fuego, fue asesinado un individuo la madrugada de este domingo, en Santa Rosa Panzacola, agencia de Oaxaca de Ju\u00e1rez, capital del estado.<\/p>\n\n\n\n<p>Ello mientras la mayor\u00eda de los elementos de la polic\u00eda municipal capitalina se encuentra asignada a vigilar calles del Centro Hist\u00f3rico y a hacer frente a vendedores ambulantes, que insisten en invadir vialidades.<\/p>\n\n\n\n<p>El hecho violento sucedi\u00f3 en la calle Girasol de la colonia Bugambilias, en que abatieron a un individuo que se encontraba en su coche marcha Chevrolet, tipo Chevy, color rojo.<\/p>\n\n\n\n<p>De manera preliminar se inform\u00f3 que la v\u00edctima fue identificada como Abelardo M. L., de 29 a\u00f1os de edad, vecino del mismo asentamiento en que fue ejecutado.<\/p>\n\n\n\n<p>Desde hace tres meses y medio, el ayuntamiento que preside el edil Oswaldo Garc\u00eda Jarqu\u00edn, mantiene ocupados a los polic\u00edas resguardando calles de acceso al primer cuadro de la ciudad, a fin de impedir el retorno de ambulantes a la Alameda, z\u00f3calo y Andador Tur\u00edstico. Sin embargo, pese a ello, paulatinamente los vendedores informales regresaban a esos espacios, adem\u00e1s de que ocuparon otras vialidades cercanas al z\u00f3calo, por lo cual nuevamente los polic\u00edas fueron utilizados para retirar a los comerciantes y a resguardar m\u00e1s calles.<\/p>\n","protected":false},"excerpt":{"rendered":"<p>Ismael Garc\u00eda M.\/Zona Roja. Oaxaca de Ju\u00e1rez, Oax., 31 de octubre de 2021.- Con al&hellip;<\/p>\n","protected":false},"author":2,"featured_media":33774,"comment_status":"closed","ping_status":"open","sticky":false,"template":"","format":"standard","meta":{"_lmt_disableupdate":"","_lmt_disable":"","_jetpack_memberships_contains_paid_content":false,"footnotes":""},"categories":[109,51],"tags":[148],"class_list":["post-33773","post","type-post","status-publish","format-standard","has-post-thumbnail","hentry","category-minuto-a-minuto","category-zona-roja","tag-oaxaca-de-juarez"],"jetpack_featured_media_url":"https:\/\/zonaroja.com.mx\/wp-content\/uploads\/2021\/10\/Ejecutado-ciudad-de-Oaxaca.jpg","jetpack_sharing_enabled":true,"_links":{"self":[{"href":"https:\/\/zonaroja.com.mx\/index.php?rest_route=\/wp\/v2\/posts\/33773","targetHints":{"allow":["GET"]}}],"collection":[{"href":"https:\/\/zonaroja.com.mx\/index.php?rest_route=\/wp\/v2\/posts"}],"about":[{"href":"https:\/\/zonaroja.com.mx\/index.php?rest_route=\/wp\/v2\/types\/post"}],"author":[{"embeddable":true,"href":"https:\/\/zonaroja.com.mx\/index.php?rest_route=\/wp\/v2\/users\/2"}],"replies":[{"embeddable":true,"href":"https:\/\/zonaroja.com.mx\/index.php?rest_route=%2Fwp%2Fv2%2Fcomments&post=33773"}],"version-history":[{"count":1,"href":"https:\/\/zonaroja.com.mx\/index.php?rest_route=\/wp\/v2\/posts\/33773\/revisions"}],"predecessor-version":[{"id":33775,"href":"https:\/\/zonaroja.com.mx\/index.php?rest_route=\/wp\/v2\/posts\/33773\/revisions\/33775"}],"wp:featuredmedia":[{"embeddable":true,"href":"https:\/\/zonaroja.com.mx\/index.php?rest_route=\/wp\/v2\/media\/33774"}],"wp:attachment":[{"href":"https:\/\/zonaroja.com.mx\/index.php?rest_route=%2Fwp%2Fv2%2Fmedia&parent=33773"}],"wp:term":[{"taxonomy":"category","embeddable":true,"href":"https:\/\/zonaroja.com.mx\/index.php?rest_route=%2Fwp%2Fv2%2Fcategories&post=33773"},{"taxonomy":"post_tag","embeddable":true,"href":"https:\/\/zonaroja.com.mx\/index.php?rest_route=%2Fwp%2Fv2%2Ftags&post=33773"}],"curies":[{"name":"wp","href":"https:\/\/api.w.org\/{rel}","templated":true}]}}