{"id":33778,"date":"2021-10-31T16:17:35","date_gmt":"2021-10-31T22:17:35","guid":{"rendered":"http:\/\/www.zonaroja.com.mx\/?p=33778"},"modified":"2021-10-31T16:17:40","modified_gmt":"2021-10-31T22:17:40","slug":"declara-teeo-inexistente-la-violencia-denunciada-por-la-edil-de-san-jacinto-amilpas","status":"publish","type":"post","link":"https:\/\/zonaroja.com.mx\/?p=33778","title":{"rendered":"Declara TEEO inexistente la violencia denunciada por la edil de San Jacinto Amilpas"},"content":{"rendered":"\n<p>Redacci\u00f3n\/Zona Roja.<\/p>\n\n\n\n<p>Oaxaca de Ju\u00e1rez, Oax., a 31 de octubre de 2021.- El Pleno del Tribunal Electoral del Estado de Oaxaca (TEEO) declar\u00f3 inexistente la violencia pol\u00edtica en raz\u00f3n de g\u00e9nero denunciada por Yolanda Adelaida Santos Monta\u00f1o, presidenta municipal de San Jacinto Amilpas.<\/p>\n\n\n\n<p>En sesi\u00f3n p\u00fablica realizada mediante videoconferencia, por unanimidad, las magistradas y el magistrado de este \u00f3rgano jurisdiccional determinaron que no se identific\u00f3 elemento alguno que acredite las manifestaciones expuestas por la actora, relativas a las supuestas agresiones que recibi\u00f3 por parte de las regidoras de Hacienda y de Equidad de G\u00e9nero de ese Ayuntamiento, Gisela Lilia P\u00e9rez Garc\u00eda y M\u00f3nica Bel\u00e9n Morales Bernal, respectivamente.<\/p>\n\n\n\n<p>La resoluci\u00f3n del Procedimiento Especial Sancionador identificado con la clave PES\/128\/2021 establece que el Tribunal \u00fanicamente cont\u00f3 con el dicho de la presidenta municipal, en el que refiere que fue agredida verbalmente por las citadas regidoras.<\/p>\n\n\n\n<p>Aclar\u00f3 que, si bien, se debe ponderar el dicho de la actora, este por s\u00ed solo, result\u00f3 insuficiente para acreditar la violencia pol\u00edtica aducida.<\/p>\n","protected":false},"excerpt":{"rendered":"<p>Redacci\u00f3n\/Zona Roja. Oaxaca de Ju\u00e1rez, Oax., a 31 de octubre de 2021.- El Pleno del&hellip;<\/p>\n","protected":false},"author":2,"featured_media":32948,"comment_status":"closed","ping_status":"open","sticky":false,"template":"","format":"standard","meta":{"_lmt_disableupdate":"","_lmt_disable":"","_jetpack_memberships_contains_paid_content":false,"footnotes":""},"categories":[109,47],"tags":[2235],"class_list":["post-33778","post","type-post","status-publish","format-standard","has-post-thumbnail","hentry","category-minuto-a-minuto","category-zona-gris","tag-tribunal-electoral-del-estado-de-oaxaca-teeo"],"jetpack_featured_media_url":"https:\/\/zonaroja.com.mx\/wp-content\/uploads\/2021\/10\/Tribunal-Electoral-de-Oaxaca.jpg","jetpack_sharing_enabled":true,"_links":{"self":[{"href":"https:\/\/zonaroja.com.mx\/index.php?rest_route=\/wp\/v2\/posts\/33778","targetHints":{"allow":["GET"]}}],"collection":[{"href":"https:\/\/zonaroja.com.mx\/index.php?rest_route=\/wp\/v2\/posts"}],"about":[{"href":"https:\/\/zonaroja.com.mx\/index.php?rest_route=\/wp\/v2\/types\/post"}],"author":[{"embeddable":true,"href":"https:\/\/zonaroja.com.mx\/index.php?rest_route=\/wp\/v2\/users\/2"}],"replies":[{"embeddable":true,"href":"https:\/\/zonaroja.com.mx\/index.php?rest_route=%2Fwp%2Fv2%2Fcomments&post=33778"}],"version-history":[{"count":1,"href":"https:\/\/zonaroja.com.mx\/index.php?rest_route=\/wp\/v2\/posts\/33778\/revisions"}],"predecessor-version":[{"id":33779,"href":"https:\/\/zonaroja.com.mx\/index.php?rest_route=\/wp\/v2\/posts\/33778\/revisions\/33779"}],"wp:featuredmedia":[{"embeddable":true,"href":"https:\/\/zonaroja.com.mx\/index.php?rest_route=\/wp\/v2\/media\/32948"}],"wp:attachment":[{"href":"https:\/\/zonaroja.com.mx\/index.php?rest_route=%2Fwp%2Fv2%2Fmedia&parent=33778"}],"wp:term":[{"taxonomy":"category","embeddable":true,"href":"https:\/\/zonaroja.com.mx\/index.php?rest_route=%2Fwp%2Fv2%2Fcategories&post=33778"},{"taxonomy":"post_tag","embeddable":true,"href":"https:\/\/zonaroja.com.mx\/index.php?rest_route=%2Fwp%2Fv2%2Ftags&post=33778"}],"curies":[{"name":"wp","href":"https:\/\/api.w.org\/{rel}","templated":true}]}}