{"id":3378,"date":"2019-08-25T14:17:42","date_gmt":"2019-08-25T19:17:42","guid":{"rendered":"http:\/\/www.zonaroja.com.mx\/?p=3378"},"modified":"2019-08-25T14:17:45","modified_gmt":"2019-08-25T19:17:45","slug":"hallan-llantas-robadas-en-negocio-de-la-capital-falta-capturar-a-delincuentes","status":"publish","type":"post","link":"https:\/\/zonaroja.com.mx\/?p=3378","title":{"rendered":"Hallan llantas robadas en negocio de la capital; falta capturar a delincuentes"},"content":{"rendered":"\n<p>Redacci\u00f3n\/Zona\nRoja.<\/p>\n\n\n\n<p>Oaxaca de\nJu\u00e1rez, Oax., 25 de agosto de 2019.- Personal de la Agencia Estatal de\nInvestigaciones, dependiente de la Fiscal\u00eda General del Estado de Oaxaca,\nrealiz\u00f3 ayer un cateo en que hall\u00f3 las llantas que presuntamente fueron robadas\nen un negocio ubicado en las riberas del r\u00edo Atoyac, en la confluencia de\nOaxaca de Ju\u00e1rez con Santa Luc\u00eda del Camino.<\/p>\n\n\n\n<p>Bajo la\norden n\u00famero 120\/2019, otorgada por el Juez de Control del circuito Valles Centrales,\nel personal ingres\u00f3 a un domicilio de la calle prolongaci\u00f3n Loma Bonita, de la\nagencia Rancho Quemado, del municipio de Cuil\u00e1pam de Guerrero.<\/p>\n\n\n\n<p>Ah\u00ed\nlocalizaron 113 llantas nuevas, que ser\u00edan parte de las 117 robadas el pasado\njueves en la negociaci\u00f3n Firestone; asimismo, una compresora, una pistola para\nneum\u00e1ticos, seis casas de herramientas y un veh\u00edculo de motor, que\npresumiblemente usaron los delincuentes para cometer el atraco.<\/p>\n\n\n\n<p>Se trata de\nuna vivienda sencilla, construida de l\u00e1mina, donde hallaron la mercanc\u00eda; no\nobstante, hasta el momento no se ha detenido a ninguna de las personas que\ncometieron el robo.<\/p>\n\n\n\n<p>Presumiblemente\nen otro sitio se localiz\u00f3 el veh\u00edculo tipo Corolla con placas de circulaci\u00f3n\nTLE-1407 de Oaxaca, uno de los dos que fue hurtado en el establecimiento. <\/p>\n","protected":false},"excerpt":{"rendered":"<p>Redacci\u00f3n\/Zona Roja. Oaxaca de Ju\u00e1rez, Oax., 25 de agosto de 2019.- Personal de la Agencia&hellip;<\/p>\n","protected":false},"author":2,"featured_media":3379,"comment_status":"closed","ping_status":"open","sticky":false,"template":"","format":"standard","meta":{"_lmt_disableupdate":"","_lmt_disable":"","_jetpack_memberships_contains_paid_content":false,"footnotes":""},"categories":[109,51],"tags":[82,494],"class_list":["post-3378","post","type-post","status-publish","format-standard","has-post-thumbnail","hentry","category-minuto-a-minuto","category-zona-roja","tag-agencia-estatal-de-investigaciones","tag-fiscalia-general-del-estado-de-oaxaca"],"jetpack_featured_media_url":"https:\/\/zonaroja.com.mx\/wp-content\/uploads\/2019\/08\/f2bfeccb-365d-4f73-bc11-20ec014e3880.jpg","jetpack_sharing_enabled":true,"_links":{"self":[{"href":"https:\/\/zonaroja.com.mx\/index.php?rest_route=\/wp\/v2\/posts\/3378","targetHints":{"allow":["GET"]}}],"collection":[{"href":"https:\/\/zonaroja.com.mx\/index.php?rest_route=\/wp\/v2\/posts"}],"about":[{"href":"https:\/\/zonaroja.com.mx\/index.php?rest_route=\/wp\/v2\/types\/post"}],"author":[{"embeddable":true,"href":"https:\/\/zonaroja.com.mx\/index.php?rest_route=\/wp\/v2\/users\/2"}],"replies":[{"embeddable":true,"href":"https:\/\/zonaroja.com.mx\/index.php?rest_route=%2Fwp%2Fv2%2Fcomments&post=3378"}],"version-history":[{"count":1,"href":"https:\/\/zonaroja.com.mx\/index.php?rest_route=\/wp\/v2\/posts\/3378\/revisions"}],"predecessor-version":[{"id":3380,"href":"https:\/\/zonaroja.com.mx\/index.php?rest_route=\/wp\/v2\/posts\/3378\/revisions\/3380"}],"wp:featuredmedia":[{"embeddable":true,"href":"https:\/\/zonaroja.com.mx\/index.php?rest_route=\/wp\/v2\/media\/3379"}],"wp:attachment":[{"href":"https:\/\/zonaroja.com.mx\/index.php?rest_route=%2Fwp%2Fv2%2Fmedia&parent=3378"}],"wp:term":[{"taxonomy":"category","embeddable":true,"href":"https:\/\/zonaroja.com.mx\/index.php?rest_route=%2Fwp%2Fv2%2Fcategories&post=3378"},{"taxonomy":"post_tag","embeddable":true,"href":"https:\/\/zonaroja.com.mx\/index.php?rest_route=%2Fwp%2Fv2%2Ftags&post=3378"}],"curies":[{"name":"wp","href":"https:\/\/api.w.org\/{rel}","templated":true}]}}