{"id":33780,"date":"2021-10-31T16:34:30","date_gmt":"2021-10-31T22:34:30","guid":{"rendered":"http:\/\/www.zonaroja.com.mx\/?p=33780"},"modified":"2021-10-31T16:34:33","modified_gmt":"2021-10-31T22:34:33","slug":"ni-en-domingo-cesan-bloqueos-en-oaxaca-ahora-en-la-cuenca","status":"publish","type":"post","link":"https:\/\/zonaroja.com.mx\/?p=33780","title":{"rendered":"Ni en domingo cesan bloqueos en Oaxaca, ahora en la Cuenca"},"content":{"rendered":"\n<p>Redacci\u00f3n\/Zona Roja.<\/p>\n\n\n\n<p>Oaxaca de Ju\u00e1rez, Oax., 31 de octubre de 2021.- Con al menos tres bloqueos carreteros, en la regi\u00f3n del Istmo y en la Cuenca, cierra el mes de octubre en el estado de Oaxaca.<\/p>\n\n\n\n<p>Y ni en domingo dan descanso los manifestantes, pues en v\u00edsperas de las festividades por el D\u00eda de Muertos, pobladores de San Jos\u00e9 Chiltepec bloquean la v\u00eda federal 175, que comunica a Oaxaca con Tuxtepec.<\/p>\n\n\n\n<p>Ello para exigir al presidente municipal, Mart\u00edn Garc\u00eda Hern\u00e1ndez, que cumpla con las obras que ofreci\u00f3 a la comunidad de San Isidro Naranjal, y que fue presupuestado en dos millones 400 mil pesos.<\/p>\n\n\n\n<p>Los pobladores informaron que el cierre de dicha vialidad ser\u00e1 por tiempo indefinido, hasta que el edil se comprometa con el inicio de los trabajos.<\/p>\n\n\n\n<p>Asimismo, piden la intervenci\u00f3n de las autoridades estatales, entre ellas el Congreso de Oaxaca y el Organismo Superior de Fiscalizaci\u00f3n, para que indague presuntos actos de corrupci\u00f3n del edil.<\/p>\n\n\n\n<p>Por otra parte, se cumple una semana del bloqueo implementado por comunidades del municipio de San Juan Mazatl\u00e1n Mixe, en una vialidad de la zona norte del Istmo de Tehuantepec, la que conduce de Mat\u00edas Romero hacia Tuxtepec.<\/p>\n\n\n\n<p>Adem\u00e1s, se mantiene el bloqueo por parte de trabajadores de la Comisi\u00f3n Estatal del Agua, en el punto conocido como IMECA, de la carretera federal Panamericana, tramo Tehuantepec-Juchit\u00e1n.<\/p>\n","protected":false},"excerpt":{"rendered":"<p>Redacci\u00f3n\/Zona Roja. Oaxaca de Ju\u00e1rez, Oax., 31 de octubre de 2021.- Con al menos tres&hellip;<\/p>\n","protected":false},"author":2,"featured_media":33781,"comment_status":"closed","ping_status":"open","sticky":false,"template":"","format":"standard","meta":{"_lmt_disableupdate":"","_lmt_disable":"","_jetpack_memberships_contains_paid_content":false,"footnotes":""},"categories":[109,47],"tags":[],"class_list":["post-33780","post","type-post","status-publish","format-standard","has-post-thumbnail","hentry","category-minuto-a-minuto","category-zona-gris"],"jetpack_featured_media_url":"https:\/\/zonaroja.com.mx\/wp-content\/uploads\/2021\/10\/Protesta-San-Jose-Chiltepec.jpg","jetpack_sharing_enabled":true,"_links":{"self":[{"href":"https:\/\/zonaroja.com.mx\/index.php?rest_route=\/wp\/v2\/posts\/33780","targetHints":{"allow":["GET"]}}],"collection":[{"href":"https:\/\/zonaroja.com.mx\/index.php?rest_route=\/wp\/v2\/posts"}],"about":[{"href":"https:\/\/zonaroja.com.mx\/index.php?rest_route=\/wp\/v2\/types\/post"}],"author":[{"embeddable":true,"href":"https:\/\/zonaroja.com.mx\/index.php?rest_route=\/wp\/v2\/users\/2"}],"replies":[{"embeddable":true,"href":"https:\/\/zonaroja.com.mx\/index.php?rest_route=%2Fwp%2Fv2%2Fcomments&post=33780"}],"version-history":[{"count":1,"href":"https:\/\/zonaroja.com.mx\/index.php?rest_route=\/wp\/v2\/posts\/33780\/revisions"}],"predecessor-version":[{"id":33782,"href":"https:\/\/zonaroja.com.mx\/index.php?rest_route=\/wp\/v2\/posts\/33780\/revisions\/33782"}],"wp:featuredmedia":[{"embeddable":true,"href":"https:\/\/zonaroja.com.mx\/index.php?rest_route=\/wp\/v2\/media\/33781"}],"wp:attachment":[{"href":"https:\/\/zonaroja.com.mx\/index.php?rest_route=%2Fwp%2Fv2%2Fmedia&parent=33780"}],"wp:term":[{"taxonomy":"category","embeddable":true,"href":"https:\/\/zonaroja.com.mx\/index.php?rest_route=%2Fwp%2Fv2%2Fcategories&post=33780"},{"taxonomy":"post_tag","embeddable":true,"href":"https:\/\/zonaroja.com.mx\/index.php?rest_route=%2Fwp%2Fv2%2Ftags&post=33780"}],"curies":[{"name":"wp","href":"https:\/\/api.w.org\/{rel}","templated":true}]}}