{"id":33783,"date":"2021-10-31T20:44:44","date_gmt":"2021-11-01T02:44:44","guid":{"rendered":"http:\/\/www.zonaroja.com.mx\/?p=33783"},"modified":"2021-10-31T20:46:10","modified_gmt":"2021-11-01T02:46:10","slug":"registra-oaxaca-notable-descenso-de-casos-de-covid-408-contagios-y-45-decesos","status":"publish","type":"post","link":"https:\/\/zonaroja.com.mx\/?p=33783","title":{"rendered":"Registra Oaxaca descenso de casos de Covid en una semana: 408 contagios y 45 decesos"},"content":{"rendered":"\n<p>Redacci\u00f3n\/Zona Roja. Foto: Cortes\u00eda<\/p>\n\n\n\n<p>Oaxaca de Ju\u00e1rez, Oax., 31 de octubre de 2021.- En la \u00faltima semana de octubre, Oaxaca present\u00f3 un notable descenso de casos de Covid-19 de acuerdo a la dependencia estatal Servicios de Salud.<\/p>\n\n\n\n<p>Durante el per\u00edodo comprendido del 24 al 30 de octubre, el territorio oaxaque\u00f1o registr\u00f3 un acumulado de 81 mil 433 casos confirmados de Covid-19, observando un descenso con respecto a la semana anterior, pasando de mil 069 casos a 408 reportes esta semana.<\/p>\n\n\n\n<p>En tanto, el promedio de ocupaci\u00f3n hospitalaria para la atenci\u00f3n a pacientes con complicaciones por esta patolog\u00eda respiratoria fue de 34.1%. Asimismo, lament\u00f3 la defunci\u00f3n de 45 personas a causa de la pandemia, en este mismo periodo.<\/p>\n\n\n\n<p>En un comunicado, la instituci\u00f3n de salud inform\u00f3 que, con base en el \u00abLineamiento para la estimaci\u00f3n de riesgos del sem\u00e1foro por regiones Covid-19\u00bb, emitido por el Gobierno Federal, Oaxaca permanecer\u00e1 del lunes 1 de noviembre hasta el domingo 14 de este mismo mes en color verde.<\/p>\n\n\n\n<p>Expuso que aunque el riesgo de contagio es bajo, la poblaci\u00f3n debe seguir aplicando con disciplina todas las medidas de prevenci\u00f3n, como: el uso correcto del cubrebocas, la sana distancia, lavado frecuente de manos con agua y jab\u00f3n, estornudar o toser con el \u00e1ngulo interno del codo, evitar acudir a eventos masivos y reuniones en lugares cerrados o con poca ventilaci\u00f3n.<\/p>\n\n\n\n<p>Se\u00f1al\u00f3, que el coronavirus es altamente contagioso y de no seguir las recomendaciones de las autoridades sanitarias puede haber un incremento de casos activos y hospitalizaciones, \u201cello implicar\u00eda imponer medidas m\u00e1s restrictivas que no convienen a la vida p\u00fablica y a la econom\u00eda de la entidad\u201d, advirti\u00f3.<\/p>\n\n\n\n<p>Puntualiz\u00f3 que durante los \u00faltimos siete d\u00edas se aplicaron 96 mil 010 dosis de la farmac\u00e9utica AstraZeneca a poblaci\u00f3n de 18 a 39 a\u00f1os, ello siguiendo la Estrategia de la Pol\u00edtica Nacional de Vacunaci\u00f3n contra el virus SARS-CoV-2 para la prevenci\u00f3n de la Covid-19 en M\u00e9xico.<\/p>\n\n\n\n<p>De igual forma se suministraron cuatro mil 692 dosis del biol\u00f3gico Pfizer-BioNTech, de las cuales mil 117 fueron aplicadas a adolescentes de 12 a 17 a\u00f1os con comorbilidades espec\u00edficas y 197 a menores en ese mismo rango de edad quienes cuentan con un amparo, el resto, fueron primeras inmunizaciones a poblaci\u00f3n mayor de 18 a\u00f1os de edad.<\/p>\n\n\n\n<p>\u201cPara mitigar y contener la expansi\u00f3n de este virus, como sociedad debemos colaborar. Celebremos con responsabilidad la festividad por el D\u00eda de Muertos, prioricemos la salud y la vida, esto conlleva a respetar las normas y las medidas de seguridad. Solo as\u00ed, podremos seguir avanzando de manera gradual hacia la nueva normalidad\u201d, destac\u00f3 la dependencia Servicios de Salud de Oaxaca.<\/p>\n\n\n\n<figure class=\"wp-block-embed-twitter wp-block-embed is-type-rich is-provider-twitter\"><div class=\"wp-block-embed__wrapper\">\n<div class=\"twitter-tweet\"><blockquote class=\"twitter-tweet\" data-lang=\"es\"><p lang=\"es\" dir=\"ltr\"><a href=\"https:\/\/twitter.com\/hashtag\/%C3%9AltimoMinuto?src=hash&amp;ref_src=twsrc%5Etfw\">#\u00daltimoMinuto<\/a><br>Este domingo, <a href=\"https:\/\/twitter.com\/SSO_GobOax?ref_src=twsrc%5Etfw\">@SSO_GobOax<\/a> reportan 82 casos positivos a Covid, con lo que suman 81 mil 515 casos confirmados.<br>No se registraron decesos, por lo que la cifra se mantiene en 5 mil 462 defunciones.<br>Hay 7 nosocomios saturados; 34% la ocupaci\u00f3n hospitalaria promedio. <a href=\"https:\/\/t.co\/kS8N86dXaw\">pic.twitter.com\/kS8N86dXaw<\/a><\/p>&mdash; Zona Roja Oaxaca (@Zona_Roja_Oax) <a href=\"https:\/\/twitter.com\/Zona_Roja_Oax\/status\/1454994645298163712?ref_src=twsrc%5Etfw\">1 de noviembre de 2021<\/a><\/blockquote><\/div>\n<\/div><\/figure>\n","protected":false},"excerpt":{"rendered":"<p>Redacci\u00f3n\/Zona Roja. Foto: Cortes\u00eda Oaxaca de Ju\u00e1rez, Oax., 31 de octubre de 2021.- En la&hellip;<\/p>\n","protected":false},"author":2,"featured_media":33784,"comment_status":"closed","ping_status":"open","sticky":false,"template":"","format":"standard","meta":{"_lmt_disableupdate":"","_lmt_disable":"","_jetpack_memberships_contains_paid_content":false,"footnotes":""},"categories":[109,47],"tags":[1512],"class_list":["post-33783","post","type-post","status-publish","format-standard","has-post-thumbnail","hentry","category-minuto-a-minuto","category-zona-gris","tag-coronavirus-oaxaca"],"jetpack_featured_media_url":"https:\/\/zonaroja.com.mx\/wp-content\/uploads\/2021\/10\/Covid-Oaxaca-calles-Dia-Muertos.jpg","jetpack_sharing_enabled":true,"_links":{"self":[{"href":"https:\/\/zonaroja.com.mx\/index.php?rest_route=\/wp\/v2\/posts\/33783","targetHints":{"allow":["GET"]}}],"collection":[{"href":"https:\/\/zonaroja.com.mx\/index.php?rest_route=\/wp\/v2\/posts"}],"about":[{"href":"https:\/\/zonaroja.com.mx\/index.php?rest_route=\/wp\/v2\/types\/post"}],"author":[{"embeddable":true,"href":"https:\/\/zonaroja.com.mx\/index.php?rest_route=\/wp\/v2\/users\/2"}],"replies":[{"embeddable":true,"href":"https:\/\/zonaroja.com.mx\/index.php?rest_route=%2Fwp%2Fv2%2Fcomments&post=33783"}],"version-history":[{"count":2,"href":"https:\/\/zonaroja.com.mx\/index.php?rest_route=\/wp\/v2\/posts\/33783\/revisions"}],"predecessor-version":[{"id":33786,"href":"https:\/\/zonaroja.com.mx\/index.php?rest_route=\/wp\/v2\/posts\/33783\/revisions\/33786"}],"wp:featuredmedia":[{"embeddable":true,"href":"https:\/\/zonaroja.com.mx\/index.php?rest_route=\/wp\/v2\/media\/33784"}],"wp:attachment":[{"href":"https:\/\/zonaroja.com.mx\/index.php?rest_route=%2Fwp%2Fv2%2Fmedia&parent=33783"}],"wp:term":[{"taxonomy":"category","embeddable":true,"href":"https:\/\/zonaroja.com.mx\/index.php?rest_route=%2Fwp%2Fv2%2Fcategories&post=33783"},{"taxonomy":"post_tag","embeddable":true,"href":"https:\/\/zonaroja.com.mx\/index.php?rest_route=%2Fwp%2Fv2%2Ftags&post=33783"}],"curies":[{"name":"wp","href":"https:\/\/api.w.org\/{rel}","templated":true}]}}