{"id":33791,"date":"2021-11-01T07:26:16","date_gmt":"2021-11-01T13:26:16","guid":{"rendered":"http:\/\/www.zonaroja.com.mx\/?p=33791"},"modified":"2021-11-01T07:35:03","modified_gmt":"2021-11-01T13:35:03","slug":"vuelven-las-ejecuciones-a-tuxtepec-oaxaca-anoche-dos","status":"publish","type":"post","link":"https:\/\/zonaroja.com.mx\/?p=33791","title":{"rendered":"Ejecutan a dos individuos en Tuxtepec; otro en Juchit\u00e1n, Oaxaca"},"content":{"rendered":"\n<p>Redacci\u00f3n\/Zona Roja.<\/p>\n\n\n\n<p>Oaxaca de Ju\u00e1rez, Oax., 1 de noviembre de 2021.- La violencia criminal regres\u00f3 a San Juan Bautista Tuxtepec y anoche fueron ejecutadas a balazos dos personas del sexo masculino.<\/p>\n\n\n\n<p>De acuerdo con los primeros datos, los cuerpos presuntamente de j\u00f3venes fueron arrojados a un costado de la carretera que comunica a las agencias de Santa Teresa con San Bartolo.<\/p>\n\n\n\n<p>Hasta el momento no se han brindado m\u00e1s detalles del crimen, perpetrado con disparos de arma de fuego, como tampoco de la identidad de los j\u00f3venes.<\/p>\n\n\n\n<p>De acuerdo con el medio informativo \u201cEl Pi\u00f1ero\u201d, ser\u00edan las ejecuciones n\u00famero nueve y 10 de lo que va del a\u00f1o en Tuxtepec.<\/p>\n\n\n\n<p>Por otra parte, en Juchit\u00e1n de Zaragoza esta ma\u00f1ana fue localizado el cuerpo de una persona envuelta en bolsas, maniatado y con huellas de tortura. Fue localizado en la calle Benem\u00e9rito de las Am\u00e9ricas de la colonia M\u00e1rtires 31 de Julio; hasta el momento no ha sido identificada la v\u00edctima. <\/p>\n\n\n\n<p>Como se inform\u00f3, ayer por la ma\u00f1ana fue ejecutado un individuo en la colonia Bugambilias de la agencia Santa Rosa Panzacola, ciudad de Oaxaca. La v\u00edctima fue identificada como Abelardo M. L., de 29 a\u00f1os de edad.<\/p>\n","protected":false},"excerpt":{"rendered":"<p>Redacci\u00f3n\/Zona Roja. Oaxaca de Ju\u00e1rez, Oax., 1 de noviembre de 2021.- La violencia criminal regres\u00f3&hellip;<\/p>\n","protected":false},"author":2,"featured_media":7486,"comment_status":"closed","ping_status":"open","sticky":false,"template":"","format":"standard","meta":{"_lmt_disableupdate":"","_lmt_disable":"","_jetpack_memberships_contains_paid_content":false,"footnotes":""},"categories":[109,51],"tags":[118],"class_list":["post-33791","post","type-post","status-publish","format-standard","has-post-thumbnail","hentry","category-minuto-a-minuto","category-zona-roja","tag-san-juan-bautista-tuxtepec"],"jetpack_featured_media_url":"https:\/\/zonaroja.com.mx\/wp-content\/uploads\/2020\/01\/Escena-del-crimen7.jpg","jetpack_sharing_enabled":true,"_links":{"self":[{"href":"https:\/\/zonaroja.com.mx\/index.php?rest_route=\/wp\/v2\/posts\/33791","targetHints":{"allow":["GET"]}}],"collection":[{"href":"https:\/\/zonaroja.com.mx\/index.php?rest_route=\/wp\/v2\/posts"}],"about":[{"href":"https:\/\/zonaroja.com.mx\/index.php?rest_route=\/wp\/v2\/types\/post"}],"author":[{"embeddable":true,"href":"https:\/\/zonaroja.com.mx\/index.php?rest_route=\/wp\/v2\/users\/2"}],"replies":[{"embeddable":true,"href":"https:\/\/zonaroja.com.mx\/index.php?rest_route=%2Fwp%2Fv2%2Fcomments&post=33791"}],"version-history":[{"count":2,"href":"https:\/\/zonaroja.com.mx\/index.php?rest_route=\/wp\/v2\/posts\/33791\/revisions"}],"predecessor-version":[{"id":33793,"href":"https:\/\/zonaroja.com.mx\/index.php?rest_route=\/wp\/v2\/posts\/33791\/revisions\/33793"}],"wp:featuredmedia":[{"embeddable":true,"href":"https:\/\/zonaroja.com.mx\/index.php?rest_route=\/wp\/v2\/media\/7486"}],"wp:attachment":[{"href":"https:\/\/zonaroja.com.mx\/index.php?rest_route=%2Fwp%2Fv2%2Fmedia&parent=33791"}],"wp:term":[{"taxonomy":"category","embeddable":true,"href":"https:\/\/zonaroja.com.mx\/index.php?rest_route=%2Fwp%2Fv2%2Fcategories&post=33791"},{"taxonomy":"post_tag","embeddable":true,"href":"https:\/\/zonaroja.com.mx\/index.php?rest_route=%2Fwp%2Fv2%2Ftags&post=33791"}],"curies":[{"name":"wp","href":"https:\/\/api.w.org\/{rel}","templated":true}]}}