{"id":33797,"date":"2021-11-01T10:57:06","date_gmt":"2021-11-01T16:57:06","guid":{"rendered":"http:\/\/www.zonaroja.com.mx\/?p=33797"},"modified":"2021-11-01T10:59:11","modified_gmt":"2021-11-01T16:59:11","slug":"tras-ser-secuestrado-y-baleado-muere-periodista-de-guerrero","status":"publish","type":"post","link":"https:\/\/zonaroja.com.mx\/?p=33797","title":{"rendered":"Tras ser secuestrado y baleado, muere periodista de Guerrero"},"content":{"rendered":"\n<p>Redacci\u00f3n\/Zona Roja Cdmx.<\/p>\n\n\n\n<p>Ciudad de M\u00e9xico, 1 de noviembre de 2021.- En menos de una semana, otro periodista fue asesinado en M\u00e9xico, en esta ocasi\u00f3n en el estado de Guerrero.<\/p>\n\n\n\n<p>Se trata del fotorreportero Alfredo Cardoso Echeverr\u00eda, del medio digital \u201cDos Costas\u201d, quien muri\u00f3 ayer por la tarde en un nosocomio, en Acapulco..<\/p>\n\n\n\n<p>Fue la noche del pasado viernes en que el comunicados fue secuestrado por un grupo armado, que lo sac\u00f3 de su domicilio y frente a sus familiares.<\/p>\n\n\n\n<p>La ma\u00f1ana del d\u00eda siguiente fue localizado en el estacionamiento de su casa, en la colonia Loma Bonita, pero herido de bala, por lo cual fue trasladado a un hospital, donde muri\u00f3 ayer.<\/p>\n\n\n\n<p>Al mediod\u00eda de este domingo, comunicadores de la zona efectuaron una protesta a lo largo de la avenida Costera Miguel Alem\u00e1n de Acapulco, para exigir esclarecimiento de este crimen.<\/p>\n\n\n\n<p>A mediados de la semana pasada fue ultimado tambi\u00e9n a balazos el periodista Fredy L\u00f3pez Ar\u00e9valo, en San Crist\u00f3bal de las Casas, Chiapas.<\/p>\n","protected":false},"excerpt":{"rendered":"<p>Redacci\u00f3n\/Zona Roja Cdmx. Ciudad de M\u00e9xico, 1 de noviembre de 2021.- En menos de una&hellip;<\/p>\n","protected":false},"author":2,"featured_media":33798,"comment_status":"closed","ping_status":"open","sticky":false,"template":"","format":"standard","meta":{"_lmt_disableupdate":"","_lmt_disable":"","_jetpack_memberships_contains_paid_content":false,"footnotes":""},"categories":[109,51],"tags":[2935],"class_list":["post-33797","post","type-post","status-publish","format-standard","has-post-thumbnail","hentry","category-minuto-a-minuto","category-zona-roja","tag-alfredo-cardoso-echeverria-guerrero"],"jetpack_featured_media_url":"https:\/\/zonaroja.com.mx\/wp-content\/uploads\/2021\/11\/Alfredo-Cardoso-Acapulco-Guerrero.jpg","jetpack_sharing_enabled":true,"_links":{"self":[{"href":"https:\/\/zonaroja.com.mx\/index.php?rest_route=\/wp\/v2\/posts\/33797","targetHints":{"allow":["GET"]}}],"collection":[{"href":"https:\/\/zonaroja.com.mx\/index.php?rest_route=\/wp\/v2\/posts"}],"about":[{"href":"https:\/\/zonaroja.com.mx\/index.php?rest_route=\/wp\/v2\/types\/post"}],"author":[{"embeddable":true,"href":"https:\/\/zonaroja.com.mx\/index.php?rest_route=\/wp\/v2\/users\/2"}],"replies":[{"embeddable":true,"href":"https:\/\/zonaroja.com.mx\/index.php?rest_route=%2Fwp%2Fv2%2Fcomments&post=33797"}],"version-history":[{"count":2,"href":"https:\/\/zonaroja.com.mx\/index.php?rest_route=\/wp\/v2\/posts\/33797\/revisions"}],"predecessor-version":[{"id":33800,"href":"https:\/\/zonaroja.com.mx\/index.php?rest_route=\/wp\/v2\/posts\/33797\/revisions\/33800"}],"wp:featuredmedia":[{"embeddable":true,"href":"https:\/\/zonaroja.com.mx\/index.php?rest_route=\/wp\/v2\/media\/33798"}],"wp:attachment":[{"href":"https:\/\/zonaroja.com.mx\/index.php?rest_route=%2Fwp%2Fv2%2Fmedia&parent=33797"}],"wp:term":[{"taxonomy":"category","embeddable":true,"href":"https:\/\/zonaroja.com.mx\/index.php?rest_route=%2Fwp%2Fv2%2Fcategories&post=33797"},{"taxonomy":"post_tag","embeddable":true,"href":"https:\/\/zonaroja.com.mx\/index.php?rest_route=%2Fwp%2Fv2%2Ftags&post=33797"}],"curies":[{"name":"wp","href":"https:\/\/api.w.org\/{rel}","templated":true}]}}