{"id":33801,"date":"2021-11-01T15:44:32","date_gmt":"2021-11-01T21:44:32","guid":{"rendered":"http:\/\/www.zonaroja.com.mx\/?p=33801"},"modified":"2021-11-01T15:44:39","modified_gmt":"2021-11-01T21:44:39","slug":"tras-reforma-del-congreso-obra-publica-estatal-solo-para-empresas-oaxaquenas","status":"publish","type":"post","link":"https:\/\/zonaroja.com.mx\/?p=33801","title":{"rendered":"Tras reforma del Congreso, obra p\u00fablica estatal solo para empresas oaxaque\u00f1as&nbsp;"},"content":{"rendered":"\n<p>Evlin Arag\u00f3n\/<\/p>\n\n\n\n<p>Oaxaca de Ju\u00e1rez, Oax., 1 de noviembre de 2021.- En la recta final, la 64 Legislatura aprob\u00f3 una reforma a la Ley de Obra P\u00fablica y Servicios Relacionados del Estado de Oaxaca, en su art\u00edculo 28, fracci\u00f3n primera, por medio de la cual se privilegia a las empresas oaxaque\u00f1as para que participen en las licitaciones estatales.&nbsp;<\/p>\n\n\n\n<p>Lo anterior a iniciativa del diputado por Morena, C\u00e9sar Morales Ni\u00f1o, que durante el \u00faltimo trienio se\u00f1al\u00f3 la corrupci\u00f3n que se genera en la asignaci\u00f3n de obra p\u00fablica y alent\u00f3 el cambio de perspectiva con respecto al beneficio que por a\u00f1os se han llevado empresas for\u00e1neas.&nbsp;<\/p>\n\n\n\n<p>\u201cSe trata de una reforma por dem\u00e1s virtuosa, porque es una reforma que va a generar bienestar para Oaxaca. Es una reforma que apuesta a la generaci\u00f3n de empleo y a la reactivaci\u00f3n econ\u00f3mica ya que el recurso p\u00fablico destinado a la obra p\u00fablica se quede en Oaxaca\u201d, dijo en tribuna, en la reciente sesi\u00f3n.&nbsp;<\/p>\n\n\n\n<p>Morales Ni\u00f1o detall\u00f3 que la industria de la construcci\u00f3n reactiva alrededor de 30 ramas econ\u00f3mica en la entidad, toda vez que es la cuarta actividad que mayor valor agregado genera y, por lo tanto, es imprescindible que los recursos que se destinan a dicho rubro sean detonantes para la econom\u00eda del estado.&nbsp;<\/p>\n\n\n\n<p>De acuerdo con el dictamen y con informaci\u00f3n de la C\u00e1mara Mexicana de la Industria de la Construcci\u00f3n (CMIC), en los \u00faltimos a\u00f1os, la actividad registr\u00f3 una importante desaceleraci\u00f3n causada fundamentalmente por el mal desempe\u00f1o del subsector de obra p\u00fablica.<\/p>\n\n\n\n<figure class=\"wp-block-embed-twitter wp-block-embed is-type-rich is-provider-twitter\"><div class=\"wp-block-embed__wrapper\">\n<div class=\"twitter-tweet\"><blockquote class=\"twitter-tweet\" data-lang=\"es\"><p lang=\"es\" dir=\"ltr\">En las licitaciones estatales de obras p\u00fablicas, \u00fanicamente podr\u00e1n participar empresas oaxaque\u00f1as, estableci\u00f3 ayer el <a href=\"https:\/\/twitter.com\/CongresoOaxLXIV?ref_src=twsrc%5Etfw\">@CongresoOaxLXIV<\/a>, al aprobar reformas promovidas por el diputado <a href=\"https:\/\/twitter.com\/cesarmoralesn?ref_src=twsrc%5Etfw\">@cesarmoralesn<\/a>. <a href=\"https:\/\/t.co\/Kdh5ZX2kGL\">pic.twitter.com\/Kdh5ZX2kGL<\/a><\/p>&mdash; Zona Roja Oaxaca (@Zona_Roja_Oax) <a href=\"https:\/\/twitter.com\/Zona_Roja_Oax\/status\/1453907849084612608?ref_src=twsrc%5Etfw\">29 de octubre de 2021<\/a><\/blockquote><\/div>\n<\/div><\/figure>\n\n\n\n<p>As\u00ed mismo se vio afectada por las licitaciones y adjudicaciones donde se les ha dado prioridad a las empresas for\u00e1neas, bajo la justificaci\u00f3n que en el estado son m\u00ednimas las empresas que cuentan con equipo y capacidad financiera necesaria para hacer frente a los trabajos.<\/p>\n\n\n\n<p>De ah\u00ed que justificaron la reforma, reci\u00e9n aprobada, misma que pondera que en las licitaciones estatales podr\u00e1n participar \u00fanicamente contratistas locales en beneficio de la industria local.<\/p>\n\n\n\n<p>\u201cEs preciso hacer referencia que para este tipo de contrataciones se dar\u00e1 preferencia en igualdad de condiciones a contratistas locales y solamente que estos no cuenten con capacidad de respuesta inmediata, as\u00ed como de recursos t\u00e9cnicos y financieros, entonces tomar en consideraci\u00f3n a los contratistas for\u00e1neos debidamente inscritos en el padr\u00f3n, igualmente para el caso de la adjudicaci\u00f3n directa\u201d, refiere.&nbsp;<\/p>\n\n\n\n<p>La iniciativa fue elaborada por la licenciada Mariana Torres Galindo, vicepresidenta de Enlace Legislativo de la C\u00e1mara Mexicana de la Industria de la Construcci\u00f3n, delegaci\u00f3n Oaxaca, y fue presentada en octubre de 2019 por la diputada Elena Cuevas Hern\u00e1ndez y el diputado C\u00e9sar Morales Ni\u00f1o.&nbsp;&nbsp;<\/p>\n","protected":false},"excerpt":{"rendered":"<p>Evlin Arag\u00f3n\/ Oaxaca de Ju\u00e1rez, Oax., 1 de noviembre de 2021.- En la recta final,&hellip;<\/p>\n","protected":false},"author":2,"featured_media":29619,"comment_status":"closed","ping_status":"open","sticky":false,"template":"","format":"standard","meta":{"_lmt_disableupdate":"","_lmt_disable":"","_jetpack_memberships_contains_paid_content":false,"footnotes":""},"categories":[109,47],"tags":[612],"class_list":["post-33801","post","type-post","status-publish","format-standard","has-post-thumbnail","hentry","category-minuto-a-minuto","category-zona-gris","tag-cesar-morales-nino"],"jetpack_featured_media_url":"https:\/\/zonaroja.com.mx\/wp-content\/uploads\/2021\/07\/Cesar-Morales-2.jpg","jetpack_sharing_enabled":true,"_links":{"self":[{"href":"https:\/\/zonaroja.com.mx\/index.php?rest_route=\/wp\/v2\/posts\/33801","targetHints":{"allow":["GET"]}}],"collection":[{"href":"https:\/\/zonaroja.com.mx\/index.php?rest_route=\/wp\/v2\/posts"}],"about":[{"href":"https:\/\/zonaroja.com.mx\/index.php?rest_route=\/wp\/v2\/types\/post"}],"author":[{"embeddable":true,"href":"https:\/\/zonaroja.com.mx\/index.php?rest_route=\/wp\/v2\/users\/2"}],"replies":[{"embeddable":true,"href":"https:\/\/zonaroja.com.mx\/index.php?rest_route=%2Fwp%2Fv2%2Fcomments&post=33801"}],"version-history":[{"count":1,"href":"https:\/\/zonaroja.com.mx\/index.php?rest_route=\/wp\/v2\/posts\/33801\/revisions"}],"predecessor-version":[{"id":33802,"href":"https:\/\/zonaroja.com.mx\/index.php?rest_route=\/wp\/v2\/posts\/33801\/revisions\/33802"}],"wp:featuredmedia":[{"embeddable":true,"href":"https:\/\/zonaroja.com.mx\/index.php?rest_route=\/wp\/v2\/media\/29619"}],"wp:attachment":[{"href":"https:\/\/zonaroja.com.mx\/index.php?rest_route=%2Fwp%2Fv2%2Fmedia&parent=33801"}],"wp:term":[{"taxonomy":"category","embeddable":true,"href":"https:\/\/zonaroja.com.mx\/index.php?rest_route=%2Fwp%2Fv2%2Fcategories&post=33801"},{"taxonomy":"post_tag","embeddable":true,"href":"https:\/\/zonaroja.com.mx\/index.php?rest_route=%2Fwp%2Fv2%2Ftags&post=33801"}],"curies":[{"name":"wp","href":"https:\/\/api.w.org\/{rel}","templated":true}]}}