{"id":33803,"date":"2021-11-01T15:57:47","date_gmt":"2021-11-01T21:57:47","guid":{"rendered":"http:\/\/www.zonaroja.com.mx\/?p=33803"},"modified":"2021-11-01T15:57:49","modified_gmt":"2021-11-01T21:57:49","slug":"aprovechan-temporada-de-dia-de-muertos-para-exigir-justicia","status":"publish","type":"post","link":"https:\/\/zonaroja.com.mx\/?p=33803","title":{"rendered":"Aprovechan temporada de D\u00eda de Muertos para exigir justicia"},"content":{"rendered":"\n<p>Evlin Arag\u00f3n\/Zona Roja.<\/p>\n\n\n\n<p>Oaxaca de Ju\u00e1rez, Oax., 1 de noviembre de 2021.- Familiares del m\u00e9dico Miguel \u00c1ngel Mart\u00ednez Cruz aprovecharon las festividades de D\u00eda de Muertos para exigir justicia por su asesinato, registrado el 31 de mayo del 2019 en el municipio de Salina Cruz, perteneciente a la regi\u00f3n del Istmo de Tehuantepec.<\/p>\n\n\n\n<p>Desde temprana hora de este lunes, en las afueras del Pante\u00f3n General, en la capital, colocaron una lona con la fotograf\u00eda del profesional m\u00e9dico y la exigencia de justicia, a m\u00e1s de dos a\u00f1os de los hechos, misma que fue acompa\u00f1ada con unas tradicionales flores de \u00abCresta de gallo\u00bb, mejor conocidas como borlas.&nbsp;&nbsp;<\/p>\n\n\n\n<p>\u201cDr. Miguel \u00c1ngel Mart\u00ednez Cruz fue asesinado el 31 de mayo de 20219 en Salina Cruz, Oaxaca. Exigimos justicia\u201d, se puede leer a las afueras del camposanto.<\/p>\n\n\n\n<p>En mayo pasado Pedro Ignacio Mart\u00ednez Noriega, padre del m\u00e9dico, lament\u00f3 la falta de avances a una serie de agravios de los que fue v\u00edctima su hijo, ya que no s\u00f3lo le arrebataron la vida, tambi\u00e9n se configuran delitos como desaparici\u00f3n forzada, incineraci\u00f3n de su camioneta, robo de pertenencias, robo a casa habitaci\u00f3n y retiro de dinero de cuentas bancarias.&nbsp;&nbsp;<\/p>\n\n\n\n<p>De manera espec\u00edfica cuestion\u00f3 el actuar de Rub\u00e9n Vasconcelos M\u00e9ndez, exfiscal de Oaxaca, que dijo no fue satisfactorio pese a conocer del caso y comprometerse a darle atenci\u00f3n puntual, por el contrario, se concentr\u00f3 en casos emblem\u00e1ticos y medi\u00e1ticos debido a la presi\u00f3n social, que tampoco resolvi\u00f3.&nbsp;&nbsp;<\/p>\n\n\n\n<p>La exigencia de justicia para el m\u00e9dico no fue la \u00fanica, toda vez que el s\u00e1bado, activistas feministas instalaron una ofrenda a un costado de la Catedral para exigir justicia por las mujeres asesinadas en lo que va de la administraci\u00f3n de Alejandro Murat Hinojosa.&nbsp;<\/p>\n\n\n\n<p>\u201cLos feminicidios son la pandemia de la que no se habla\u201d refer\u00eda una de las cartulinas instaladas en el centro del tapete lleno de veladores y flores como lo marca la tradici\u00f3n.&nbsp;<\/p>\n\n\n\n<p>En medio de consignas feministas, las activistas cuestionaron que, lejos de disminuir, las cifran no hacen m\u00e1s que incrementar en la entidad, donde hasta el momento se lleva un conteo de 565 asesinatos violentos de mujeres de todas las profesiones y edades.&nbsp;<\/p>\n\n\n\n<p>\u201cLos 565 feminicidios muestra la incapacidad de las autoridades para asegurar el bienestar de las mujeres, la omisi\u00f3n y negligencia que demuestran una y otra vez, sin dejar de nombrar la colusi\u00f3n con los agresores\u201d, refirieron como parte de su comunicado.<\/p>\n\n\n\n<p>Finalmente, indicaron que la ofrenda es otra forma de exigir justicia por las que ya no est\u00e1n, otra forma de recordar que el feminicidio es un crimen de Estado y representa un gobierno fallido que no ha podido erradicar la pandemia de la que no se habla.&nbsp;&nbsp;<\/p>\n","protected":false},"excerpt":{"rendered":"<p>Evlin Arag\u00f3n\/Zona Roja. Oaxaca de Ju\u00e1rez, Oax., 1 de noviembre de 2021.- Familiares del m\u00e9dico&hellip;<\/p>\n","protected":false},"author":2,"featured_media":33804,"comment_status":"closed","ping_status":"open","sticky":false,"template":"","format":"standard","meta":{"_lmt_disableupdate":"","_lmt_disable":"","_jetpack_memberships_contains_paid_content":false,"footnotes":""},"categories":[109,47],"tags":[1215],"class_list":["post-33803","post","type-post","status-publish","format-standard","has-post-thumbnail","hentry","category-minuto-a-minuto","category-zona-gris","tag-miguel-angel-martinez-cruz"],"jetpack_featured_media_url":"https:\/\/zonaroja.com.mx\/wp-content\/uploads\/2021\/11\/Miguel-Angel-Martinez-Cruz.jpg","jetpack_sharing_enabled":true,"_links":{"self":[{"href":"https:\/\/zonaroja.com.mx\/index.php?rest_route=\/wp\/v2\/posts\/33803","targetHints":{"allow":["GET"]}}],"collection":[{"href":"https:\/\/zonaroja.com.mx\/index.php?rest_route=\/wp\/v2\/posts"}],"about":[{"href":"https:\/\/zonaroja.com.mx\/index.php?rest_route=\/wp\/v2\/types\/post"}],"author":[{"embeddable":true,"href":"https:\/\/zonaroja.com.mx\/index.php?rest_route=\/wp\/v2\/users\/2"}],"replies":[{"embeddable":true,"href":"https:\/\/zonaroja.com.mx\/index.php?rest_route=%2Fwp%2Fv2%2Fcomments&post=33803"}],"version-history":[{"count":1,"href":"https:\/\/zonaroja.com.mx\/index.php?rest_route=\/wp\/v2\/posts\/33803\/revisions"}],"predecessor-version":[{"id":33805,"href":"https:\/\/zonaroja.com.mx\/index.php?rest_route=\/wp\/v2\/posts\/33803\/revisions\/33805"}],"wp:featuredmedia":[{"embeddable":true,"href":"https:\/\/zonaroja.com.mx\/index.php?rest_route=\/wp\/v2\/media\/33804"}],"wp:attachment":[{"href":"https:\/\/zonaroja.com.mx\/index.php?rest_route=%2Fwp%2Fv2%2Fmedia&parent=33803"}],"wp:term":[{"taxonomy":"category","embeddable":true,"href":"https:\/\/zonaroja.com.mx\/index.php?rest_route=%2Fwp%2Fv2%2Fcategories&post=33803"},{"taxonomy":"post_tag","embeddable":true,"href":"https:\/\/zonaroja.com.mx\/index.php?rest_route=%2Fwp%2Fv2%2Ftags&post=33803"}],"curies":[{"name":"wp","href":"https:\/\/api.w.org\/{rel}","templated":true}]}}